{"id":3205,"date":"2020-07-02T18:31:06","date_gmt":"2020-07-02T21:31:06","guid":{"rendered":"https:\/\/sinpes.org.br\/site\/?p=3205"},"modified":"2020-07-03T12:04:03","modified_gmt":"2020-07-03T15:04:03","slug":"atencao-professores-e-professoras-do-unicuritiba","status":"publish","type":"post","link":"https:\/\/sinpes.org.br\/site\/atencao-professores-e-professoras-do-unicuritiba\/","title":{"rendered":"Aten\u00e7\u00e3o professores e professoras do Unicuritiba"},"content":{"rendered":"<p>Em Assembleia Virtual com docentes do Unicuritiba, \u00e0s 17 h desta quinta-feira (02\/07), ficou decidido que professores e professoras devem votar at\u00e9 as 12:00 h desta sexta-feira (03\/07\/2020) para aprovar ou n\u00e3o os seguintes encaminhamentos:<\/p>\n<p>1) Ingressar imediatamente como &#8220;amicus curiae&#8221; na a\u00e7\u00e3o judicial dos alunos;<span class=\"text_exposed_show\"><br \/>\n2) Requerer junto ao Minist\u00e9rio P\u00fablico do Trabalho antecipa\u00e7\u00e3o para o dia 16.08.2020 a pr\u00f3xima rodada de negocia\u00e7\u00f5es com o grupo \u00c2nima;<br \/>\n3) Aprovar indicativo de greve a partir do dia 16.08.2020 se n\u00e3o for suspensa a implanta\u00e7\u00e3o das Unidades Curriculares no in\u00edcio do segundo semestre de 2020 para os alunos de primeiro per\u00edodo, dando por encerradas as negocia\u00e7\u00f5es e extraindo ata negativa na reuni\u00e3o do dia 16.08.2020 para viabilizar a legalidade do movimento paredista.<\/span><\/p>\n<div class=\"text_exposed_show\">\n<p>Os votos de &#8220;Sim&#8221; ou &#8220;N\u00e3o&#8221; devem ser encaminhados at\u00e9 as 12:00 hs desta sexta-feira (03\/07\/2020) para o seguinte e-mail: comunicacao@sinpes.org.br<\/p>\n<\/div>\n<!-- AddThis Advanced Settings generic via filter on the_content --><!-- AddThis Share Buttons generic via filter on the_content -->","protected":false},"excerpt":{"rendered":"<p>Em Assembleia Virtual com docentes do Unicuritiba, \u00e0s 17 h desta quinta-feira (02\/07), ficou decidido que professores e professoras devem votar at\u00e9 as 12:00 h desta sexta-feira (03\/07\/2020) para aprovar ou n\u00e3o os seguintes encaminhamentos: 1) Ingressar imediatamente como &#8220;amicus curiae&#8221; na a\u00e7\u00e3o judicial dos alunos; 2) Requerer junto ao Minist\u00e9rio P\u00fablico do Trabalho antecipa\u00e7\u00e3o [&hellip;]<!-- AddThis Advanced Settings generic via filter on wp_trim_excerpt --><!-- AddThis Share Buttons generic via filter on wp_trim_excerpt --><\/p>\n","protected":false},"author":3,"featured_media":0,"comment_status":"closed","ping_status":"open","sticky":false,"template":"","format":"standard","meta":{"footnotes":""},"categories":[7,478,18,13],"tags":[531,530,525,494,521,369],"class_list":["post-3205","post","type-post","status-publish","format-standard","hentry","category-arquivo-de-noticias","category-coronavirus-e-direitos-dos-professores","category-destaque","category-home","tag-70-anos-destruidos-em-07-meses","tag-alunos-unicuritiba","tag-edital-unicuritiba","tag-grupo-anima","tag-professores-unicuritiba","tag-unicuritiba"],"_links":{"self":[{"href":"https:\/\/sinpes.org.br\/site\/wp-json\/wp\/v2\/posts\/3205","targetHints":{"allow":["GET"]}}],"collection":[{"href":"https:\/\/sinpes.org.br\/site\/wp-json\/wp\/v2\/posts"}],"about":[{"href":"https:\/\/sinpes.org.br\/site\/wp-json\/wp\/v2\/types\/post"}],"author":[{"embeddable":true,"href":"https:\/\/sinpes.org.br\/site\/wp-json\/wp\/v2\/users\/3"}],"replies":[{"embeddable":true,"href":"https:\/\/sinpes.org.br\/site\/wp-json\/wp\/v2\/comments?post=3205"}],"version-history":[{"count":1,"href":"https:\/\/sinpes.org.br\/site\/wp-json\/wp\/v2\/posts\/3205\/revisions"}],"predecessor-version":[{"id":3206,"href":"https:\/\/sinpes.org.br\/site\/wp-json\/wp\/v2\/posts\/3205\/revisions\/3206"}],"wp:attachment":[{"href":"https:\/\/sinpes.org.br\/site\/wp-json\/wp\/v2\/media?parent=3205"}],"wp:term":[{"taxonomy":"category","embeddable":true,"href":"https:\/\/sinpes.org.br\/site\/wp-json\/wp\/v2\/categories?post=3205"},{"taxonomy":"post_tag","embeddable":true,"href":"https:\/\/sinpes.org.br\/site\/wp-json\/wp\/v2\/tags?post=3205"}],"curies":[{"name":"wp","href":"https:\/\/api.w.org\/{rel}","templated":true}]}}