{"id":3200,"date":"2020-06-30T16:07:55","date_gmt":"2020-06-30T19:07:55","guid":{"rendered":"https:\/\/sinpes.org.br\/site\/?p=3200"},"modified":"2020-06-30T16:07:55","modified_gmt":"2020-06-30T19:07:55","slug":"sinpes-comunica-nova-audiencia-no-mpt-e-nova-data-para-assembleia-com-os-professores-do-unicuritiba","status":"publish","type":"post","link":"https:\/\/sinpes.org.br\/site\/sinpes-comunica-nova-audiencia-no-mpt-e-nova-data-para-assembleia-com-os-professores-do-unicuritiba\/","title":{"rendered":"Sinpes comunica nova audi\u00eancia no MPT e nova data para Assembleia com os professores do Unicuritiba"},"content":{"rendered":"<p>Na tarde desta ter\u00e7a feira (30) o Sinpes participou de audi\u00eancia eletr\u00f4nica no Minist\u00e9rio P\u00fablico do Trabalho (MPT) para tratar sobre as reinvindica\u00e7\u00f5es dos professores do Unicuritiba quanto \u00e0 confec\u00e7\u00e3o de um novo edital de sele\u00e7\u00e3o de professores que garanta empregos e direitos ao corpo docente.<\/p>\n<p>A media\u00e7\u00e3o da audi\u00eancia foi feita pelo Procurador do Trabalho Dr. Adalberto Emilliano de Oliveria Neto. Infelizmente, n\u00e3o compareceram \u00e0 audi\u00eancia os representantes do Grupo \u00c2nima. Assim, uma nova audi\u00eancia foi marcada pelo Procurador para a pr\u00f3xima quinta feira (02\/07) \u00e0s 10 h.<\/p>\n<p>O Sinpes, portanto, transfere a data da pr\u00f3xima Assembleia Virtual com os professores do Unicuritiba para quinta feira (02\/06) \u00e0s 17 h.<\/p>\n<p>No link abaixo os professores do Unicuritiba podem ter acesso \u00e0 ATA da \u00faltima Assembleia realizada na ter\u00e7a feira (29\/06).<\/p>\n<p><a href=\"https:\/\/sinpes.org.br\/site\/wp-content\/uploads\/2020\/06\/AtaAssembleiaVirtualUNICURITIBA-29-06.pdf\">AtaAssembleiaVirtualUNICURITIBA 29-06<\/a><\/p>\n<!-- AddThis Advanced Settings generic via filter on the_content --><!-- AddThis Share Buttons generic via filter on the_content -->","protected":false},"excerpt":{"rendered":"<p>Na tarde desta ter\u00e7a feira (30) o Sinpes participou de audi\u00eancia eletr\u00f4nica no Minist\u00e9rio P\u00fablico do Trabalho (MPT) para tratar sobre as reinvindica\u00e7\u00f5es dos professores do Unicuritiba quanto \u00e0 confec\u00e7\u00e3o de um novo edital de sele\u00e7\u00e3o de professores que garanta empregos e direitos ao corpo docente. A media\u00e7\u00e3o da audi\u00eancia foi feita pelo Procurador do [&hellip;]<!-- AddThis Advanced Settings generic via filter on wp_trim_excerpt --><!-- AddThis Share Buttons generic via filter on wp_trim_excerpt --><\/p>\n","protected":false},"author":3,"featured_media":0,"comment_status":"closed","ping_status":"open","sticky":false,"template":"","format":"standard","meta":{"footnotes":""},"categories":[7,478,18,13],"tags":[531,533,532,494,519,534,521,369],"class_list":["post-3200","post","type-post","status-publish","format-standard","hentry","category-arquivo-de-noticias","category-coronavirus-e-direitos-dos-professores","category-destaque","category-home","tag-70-anos-destruidos-em-07-meses","tag-assembleia-professores-unicuritiba","tag-audiencia-mpt","tag-grupo-anima","tag-mpt","tag-novoa-edital-unicuritiba","tag-professores-unicuritiba","tag-unicuritiba"],"_links":{"self":[{"href":"https:\/\/sinpes.org.br\/site\/wp-json\/wp\/v2\/posts\/3200","targetHints":{"allow":["GET"]}}],"collection":[{"href":"https:\/\/sinpes.org.br\/site\/wp-json\/wp\/v2\/posts"}],"about":[{"href":"https:\/\/sinpes.org.br\/site\/wp-json\/wp\/v2\/types\/post"}],"author":[{"embeddable":true,"href":"https:\/\/sinpes.org.br\/site\/wp-json\/wp\/v2\/users\/3"}],"replies":[{"embeddable":true,"href":"https:\/\/sinpes.org.br\/site\/wp-json\/wp\/v2\/comments?post=3200"}],"version-history":[{"count":1,"href":"https:\/\/sinpes.org.br\/site\/wp-json\/wp\/v2\/posts\/3200\/revisions"}],"predecessor-version":[{"id":3202,"href":"https:\/\/sinpes.org.br\/site\/wp-json\/wp\/v2\/posts\/3200\/revisions\/3202"}],"wp:attachment":[{"href":"https:\/\/sinpes.org.br\/site\/wp-json\/wp\/v2\/media?parent=3200"}],"wp:term":[{"taxonomy":"category","embeddable":true,"href":"https:\/\/sinpes.org.br\/site\/wp-json\/wp\/v2\/categories?post=3200"},{"taxonomy":"post_tag","embeddable":true,"href":"https:\/\/sinpes.org.br\/site\/wp-json\/wp\/v2\/tags?post=3200"}],"curies":[{"name":"wp","href":"https:\/\/api.w.org\/{rel}","templated":true}]}}