{"id":3197,"date":"2020-06-30T09:29:02","date_gmt":"2020-06-30T12:29:02","guid":{"rendered":"https:\/\/sinpes.org.br\/site\/?p=3197"},"modified":"2020-06-30T09:29:02","modified_gmt":"2020-06-30T12:29:02","slug":"sinpes-professores-e-estudantes-se-unem-para-evitar-desmonte-do-unicuritiba","status":"publish","type":"post","link":"https:\/\/sinpes.org.br\/site\/sinpes-professores-e-estudantes-se-unem-para-evitar-desmonte-do-unicuritiba\/","title":{"rendered":"Sinpes, professores e estudantes se unem para evitar desmonte do Unicuritiba"},"content":{"rendered":"<p>Diante da iniciativa do Grupo \u00c2nima, conglomerado educacional que comprou o Unicuritiba no final de 2019, de implementar \u00e0 f\u00f3rceps uma nova matriz curricular que suprime a carga hor\u00e1ria em diversos cursos de gradua\u00e7\u00e3o, al\u00e9m de um edital de Processo Seletivo de Professores que prejudica gravemente a categoria, o Sinpes e os estudantes do Unicuritiba somam esfor\u00e7os em a\u00e7\u00f5es conjuntas na defesa da qualidade da educa\u00e7\u00e3o oferecida pela institui\u00e7\u00e3o e na garantia de direitos do corpo docente.<\/p>\n<p>Na \u00faltima sexta feira (26), o sindicato realizou uma reuni\u00e3o online com estudantes do Unicuritiba. No encontro, quando participaram centenas de estudantes, os alunos e alunas puderam externar suas preocupa\u00e7\u00f5es quanto \u00e0 nova matriz curricular e quanto ao receio relacionado \u00e0 extin\u00e7\u00e3o de bolsas estudantis. E pediram para que os professores n\u00e3o desistam de lutar por um ensino de qualidade, porque isso enfraqueceria todo o esfor\u00e7o e mobiliza\u00e7\u00e3o que eles t\u00eam feito no sentido de preservar o modelo curricular. Os alunos afirmaram que est\u00e3o ao lado dos professores em nome de um ensino de qualidade e em defesa de condi\u00e7\u00f5es dignas de trabalho.<\/p>\n<p>Ainda na sexta feira, Sinpes e estudantes lan\u00e7aram a campanha \u201c70 anos destru\u00eddos em 07 meses?\u201d. A a\u00e7\u00e3o busca dar visibilidade, por meio de redes sociais e da cobertura midi\u00e1tica, \u00e0 luta para manter direitos e empregos dos docentes e tamb\u00e9m a qualidade do ensino do Unicuritiba que, ao completar 70 anos de hist\u00f3ria, passa por momentos incertos j\u00e1 nos primeiros sete meses de gest\u00e3o do Grupo \u00c2nima.<\/p>\n<p>Na manh\u00e3 desta segunda feira (29) o Sinpes voltou a se reunir com o corpo estudantil, desta vez representado por integrantes do Centro Acad\u00eamico Paula Bonomini (CARI), do Diret\u00f3rio Acad\u00eamico Clot\u00e1rio Portugal (DACP), do Diret\u00f3rio Central dos Estudantes (DCE) e do movimento Resiste Unicuritiba. Na reuni\u00e3o as acad\u00eamicas presentes reiteraram o apoio \u00e0 luta dos professores e destacaram novamente suas apreens\u00f5es diante das mudan\u00e7as impostas pelo Grupo \u00c2nima que trar\u00e3o perda de qualidade em cursos ofertados pela institui\u00e7\u00e3o.<\/p>\n<p>Lideran\u00e7as sindicais e estudantis voltar\u00e3o a se reunir na pr\u00f3xima quarta-feira, 11h para trocarem ideias sobre o andamento da mobiliza\u00e7\u00e3o.<\/p>\n<p>\u00c0s 17h de segunda-feira os professores da Unicuritiba reuniram-se em concorrida assembleia geral para decidir quais os passos a serem dados diante do sil\u00eancio do grupo \u00c2nima acerca da proposta de negocia\u00e7\u00e3o coletiva a prop\u00f3sito das mudan\u00e7as que se pretendem implementar.<\/p>\n<p>Na pauta estava a possibilidade de deflagra\u00e7\u00e3o de greve por tempo indeterminado com o objetivo de suspender os efeitos do Edital de Sele\u00e7\u00e3o de Professores e da implementa\u00e7\u00e3o das Unidades Curriculares que, ao ver de professores e alunos constituem instrumentos de precariza\u00e7\u00e3o do ensino e das rela\u00e7\u00f5es de trabalho.<\/p>\n<p>Em face de reuni\u00e3o convocada pelo Minist\u00e9rio P\u00fablico a pedido do Sinpes, designada para o dia 30\/06\/2020 \u00e0s 14h, os professores deliberaram manter a assembleia convocada por tempo indeterminado postergando a vota\u00e7\u00e3o atinente eventual declara\u00e7\u00e3o de greve para a pr\u00f3xima quarta-feira na hip\u00f3tese das partes n\u00e3o chegarem a um denominador comum.<\/p>\n<p>A pauta de reivindica\u00e7\u00f5es da categoria dos professores encontra-se aberta para vota\u00e7\u00e3o pelo e-mail comunicacao@sinpes.org.br, onde tamb\u00e9m devem ser registrada a presen\u00e7a dos que compareceram \u00e0 assembleia prorrogada por tempo indeterminado, conforme previs\u00e3o do Edital.<\/p>\n<p>E consiste na suspens\u00e3o imediata do Edital de Sele\u00e7\u00e3o de Professores para Regimes de Trabalho de altera\u00e7\u00e3o na remunera\u00e7\u00e3o dos professores, bem como da implementa\u00e7\u00e3o das Unidades Curriculares e constru\u00e7\u00e3o de acordo coletivo de trabalho no segundo semestre de 2020 em que sejam democraticamente regulamentadas as eventuais mudan\u00e7as a serem implementadas com a preserva\u00e7\u00e3o da excel\u00eancia do ensino e da dignidade das rela\u00e7\u00f5es de trabalho.<\/p>\n<p><strong>Posicionamento do Grupo \u00c2nima:\u00a0<\/strong><\/p>\n<p>&nbsp;<\/p>\n<p><em>\u201cO UNICURITIBA segue aprimorando o seu Ecossistema de Aprendizagem com elementos alinhados \u00e0s melhores pr\u00e1ticas mundiais de ensino superior para manter o seu compromisso com a qualidade e inova\u00e7\u00e3o acad\u00eamica, caracter\u00edsticas que est\u00e3o conectadas ao DNA e hist\u00f3ria de nossa institui\u00e7\u00e3o. Ressaltamos que todas as movimenta\u00e7\u00f5es realizadas no corpo docente t\u00eam como prop\u00f3sito humanizar ainda mais a rela\u00e7\u00e3o de ensino e aprendizagem e levar educa\u00e7\u00e3o de qualidade para todos os brasileiros, por meio de um modelo de excel\u00eancia j\u00e1 consolidado no Brasil e no exterior\u201d.\u00a0<\/em><\/p>\n<p>&nbsp;<\/p>\n<p>&nbsp;<\/p>\n<!-- AddThis Advanced Settings generic via filter on the_content --><!-- AddThis Share Buttons generic via filter on the_content -->","protected":false},"excerpt":{"rendered":"<p>Diante da iniciativa do Grupo \u00c2nima, conglomerado educacional que comprou o Unicuritiba no final de 2019, de implementar \u00e0 f\u00f3rceps uma nova matriz curricular que suprime a carga hor\u00e1ria em diversos cursos de gradua\u00e7\u00e3o, al\u00e9m de um edital de Processo Seletivo de Professores que prejudica gravemente a categoria, o Sinpes e os estudantes do Unicuritiba [&hellip;]<!-- AddThis Advanced Settings generic via filter on wp_trim_excerpt --><!-- AddThis Share Buttons generic via filter on wp_trim_excerpt --><\/p>\n","protected":false},"author":3,"featured_media":0,"comment_status":"closed","ping_status":"open","sticky":false,"template":"","format":"standard","meta":{"footnotes":""},"categories":[7,478,18,13],"tags":[531,530,305,464,525,494,521,369],"class_list":["post-3197","post","type-post","status-publish","format-standard","hentry","category-arquivo-de-noticias","category-coronavirus-e-direitos-dos-professores","category-destaque","category-home","tag-70-anos-destruidos-em-07-meses","tag-alunos-unicuritiba","tag-assembleia","tag-campanha","tag-edital-unicuritiba","tag-grupo-anima","tag-professores-unicuritiba","tag-unicuritiba"],"_links":{"self":[{"href":"https:\/\/sinpes.org.br\/site\/wp-json\/wp\/v2\/posts\/3197","targetHints":{"allow":["GET"]}}],"collection":[{"href":"https:\/\/sinpes.org.br\/site\/wp-json\/wp\/v2\/posts"}],"about":[{"href":"https:\/\/sinpes.org.br\/site\/wp-json\/wp\/v2\/types\/post"}],"author":[{"embeddable":true,"href":"https:\/\/sinpes.org.br\/site\/wp-json\/wp\/v2\/users\/3"}],"replies":[{"embeddable":true,"href":"https:\/\/sinpes.org.br\/site\/wp-json\/wp\/v2\/comments?post=3197"}],"version-history":[{"count":1,"href":"https:\/\/sinpes.org.br\/site\/wp-json\/wp\/v2\/posts\/3197\/revisions"}],"predecessor-version":[{"id":3198,"href":"https:\/\/sinpes.org.br\/site\/wp-json\/wp\/v2\/posts\/3197\/revisions\/3198"}],"wp:attachment":[{"href":"https:\/\/sinpes.org.br\/site\/wp-json\/wp\/v2\/media?parent=3197"}],"wp:term":[{"taxonomy":"category","embeddable":true,"href":"https:\/\/sinpes.org.br\/site\/wp-json\/wp\/v2\/categories?post=3197"},{"taxonomy":"post_tag","embeddable":true,"href":"https:\/\/sinpes.org.br\/site\/wp-json\/wp\/v2\/tags?post=3197"}],"curies":[{"name":"wp","href":"https:\/\/api.w.org\/{rel}","templated":true}]}}