{"id":3194,"date":"2020-06-29T14:13:19","date_gmt":"2020-06-29T17:13:19","guid":{"rendered":"https:\/\/sinpes.org.br\/site\/?p=3194"},"modified":"2020-06-29T14:29:35","modified_gmt":"2020-06-29T17:29:35","slug":"link-de-acesso-para-a-assembleia-dos-professores-do-unicuritiba","status":"publish","type":"post","link":"https:\/\/sinpes.org.br\/site\/link-de-acesso-para-a-assembleia-dos-professores-do-unicuritiba\/","title":{"rendered":"Link de acesso para a Assembleia dos Professores e Professoras do Unicuritiba"},"content":{"rendered":"<p>O Sindicato dos Professores de Ensino Superior de Curitiba e Regi\u00e3o Metropolitana (SINPES) informa que o link para o acesso \u00e0 Assembleia Virtual com os professores e professoras do Unicuritiba, que ser\u00e1 realizada hoje (29\/06) \u00e0s 17h, ser\u00e1 divulgado no grupo de WhatsApp dos professores da institui\u00e7\u00e3o.<br \/>\nOs docentes que porventura n\u00e3o t\u00eam acesso ao grupo podem solicitar o link para participar da Assembleia no seguinte e-mail: comunicacao@sinpes.org.br<\/p>\n<!-- AddThis Advanced Settings generic via filter on the_content --><!-- AddThis Share Buttons generic via filter on the_content -->","protected":false},"excerpt":{"rendered":"<p>O Sindicato dos Professores de Ensino Superior de Curitiba e Regi\u00e3o Metropolitana (SINPES) informa que o link para o acesso \u00e0 Assembleia Virtual com os professores e professoras do Unicuritiba, que ser\u00e1 realizada hoje (29\/06) \u00e0s 17h, ser\u00e1 divulgado no grupo de WhatsApp dos professores da institui\u00e7\u00e3o. Os docentes que porventura n\u00e3o t\u00eam acesso ao [&hellip;]<!-- AddThis Advanced Settings generic via filter on wp_trim_excerpt --><!-- AddThis Share Buttons generic via filter on wp_trim_excerpt --><\/p>\n","protected":false},"author":3,"featured_media":0,"comment_status":"closed","ping_status":"open","sticky":false,"template":"","format":"standard","meta":{"footnotes":""},"categories":[7,478,18,13],"tags":[305,529,494,516,369],"class_list":["post-3194","post","type-post","status-publish","format-standard","hentry","category-arquivo-de-noticias","category-coronavirus-e-direitos-dos-professores","category-destaque","category-home","tag-assembleia","tag-assembleia-unicuritiba","tag-grupo-anima","tag-professores-do-unicuritiba","tag-unicuritiba"],"_links":{"self":[{"href":"https:\/\/sinpes.org.br\/site\/wp-json\/wp\/v2\/posts\/3194","targetHints":{"allow":["GET"]}}],"collection":[{"href":"https:\/\/sinpes.org.br\/site\/wp-json\/wp\/v2\/posts"}],"about":[{"href":"https:\/\/sinpes.org.br\/site\/wp-json\/wp\/v2\/types\/post"}],"author":[{"embeddable":true,"href":"https:\/\/sinpes.org.br\/site\/wp-json\/wp\/v2\/users\/3"}],"replies":[{"embeddable":true,"href":"https:\/\/sinpes.org.br\/site\/wp-json\/wp\/v2\/comments?post=3194"}],"version-history":[{"count":2,"href":"https:\/\/sinpes.org.br\/site\/wp-json\/wp\/v2\/posts\/3194\/revisions"}],"predecessor-version":[{"id":3196,"href":"https:\/\/sinpes.org.br\/site\/wp-json\/wp\/v2\/posts\/3194\/revisions\/3196"}],"wp:attachment":[{"href":"https:\/\/sinpes.org.br\/site\/wp-json\/wp\/v2\/media?parent=3194"}],"wp:term":[{"taxonomy":"category","embeddable":true,"href":"https:\/\/sinpes.org.br\/site\/wp-json\/wp\/v2\/categories?post=3194"},{"taxonomy":"post_tag","embeddable":true,"href":"https:\/\/sinpes.org.br\/site\/wp-json\/wp\/v2\/tags?post=3194"}],"curies":[{"name":"wp","href":"https:\/\/api.w.org\/{rel}","templated":true}]}}