{"id":3191,"date":"2020-06-26T16:39:32","date_gmt":"2020-06-26T19:39:32","guid":{"rendered":"https:\/\/sinpes.org.br\/site\/?p=3191"},"modified":"2020-06-26T16:39:32","modified_gmt":"2020-06-26T19:39:32","slug":"sinpes-convoca-professores-do-unicuritiba-para-nova-assembleia-virtual","status":"publish","type":"post","link":"https:\/\/sinpes.org.br\/site\/sinpes-convoca-professores-do-unicuritiba-para-nova-assembleia-virtual\/","title":{"rendered":"Sinpes convoca professores do Unicuritiba para nova Assembleia Virtual"},"content":{"rendered":"<p>O Sinpes convoca os professores do Unicuritiba para uma nova Assembleia Virtual que ser\u00e1 realizada nesta segunda feira 29\/06\/2020 \u00e0s 16h30 em primeira chamada e \u00e0s 17 h em segunda chamada. Na pauta da Assembleia discuss\u00f5es sobre a confec\u00e7\u00e3o de novo Edital de Sele\u00e7\u00e3o para Regime de Trabalho Docente e sobre as Unidades Curriculares; Deflagra\u00e7\u00e3o de Greve; Assuntos Gerais.<\/p>\n<p>O link para acesso \u00e0 Assembleia ser\u00e1 publicado no site do Sinpes e tamb\u00e9m em seu Facebook a partir das 14 h de segunda feira (29\/06).<\/p>\n<p>Como \u00e9 de conhecimento de todos os professores do Unicuritiba decidiram, por meio de vota\u00e7\u00e3o online nos dias 18 e\u00a0 19 de junho, por delegar ao Sinpes a representa\u00e7\u00e3o dos professores nas tratativas sobre o \u201cProcesso Seletivo de Professores\u201d e o novo modelo curricular baseado nas \u201cUnidades Curriculares\u201d (UCs), assinalando que a categoria rejeita a imposi\u00e7\u00e3o dos novos instrumentos de gest\u00e3o da empresa sem um debate amplo e aprofundado entre o Grupo Empresarial, Professores e Alunos.<\/p>\n<p>Diante do sil\u00eancio eloquente do Grupo \u00c2nima a prop\u00f3sito da posi\u00e7\u00e3o dos professores, o Sinpes protocolou pedido de media\u00e7\u00e3o no Minist\u00e9rio P\u00fablico do Trabalho e est\u00e1 convocando os professores para nova assembleia geral virtual a ser realizada na pr\u00f3xima segunda-feira \u00e0s 17h00min, em que est\u00e1 em pauta eventual deflagra\u00e7\u00e3o de greve com o objetivo de compelir o Grupo \u00c2nima a concordar em participar da negocia\u00e7\u00e3o coletiva para a qual foi convidado.<\/p>\n<p>Na sexta-feira \u00e0s 17h00min a diretoria do Sinpes re\u00fane-se com os alunos com o\u00a0 objetivo de potencializar a mobiliza\u00e7\u00e3o necess\u00e1ria para evitar a precariza\u00e7\u00e3o do ensino e das rela\u00e7\u00f5es de trabalho.<\/p>\n<p>Conclamamos a todos os interessados a participarem do evento. \u201cQuem sabe faz a hora, n\u00e3o espera acontecer\u201d (Geraldo Vandr\u00e9)!<\/p>\n<!-- AddThis Advanced Settings generic via filter on the_content --><!-- AddThis Share Buttons generic via filter on the_content -->","protected":false},"excerpt":{"rendered":"<p>O Sinpes convoca os professores do Unicuritiba para uma nova Assembleia Virtual que ser\u00e1 realizada nesta segunda feira 29\/06\/2020 \u00e0s 16h30 em primeira chamada e \u00e0s 17 h em segunda chamada. Na pauta da Assembleia discuss\u00f5es sobre a confec\u00e7\u00e3o de novo Edital de Sele\u00e7\u00e3o para Regime de Trabalho Docente e sobre as Unidades Curriculares; Deflagra\u00e7\u00e3o [&hellip;]<!-- AddThis Advanced Settings generic via filter on wp_trim_excerpt --><!-- AddThis Share Buttons generic via filter on wp_trim_excerpt --><\/p>\n","protected":false},"author":3,"featured_media":0,"comment_status":"closed","ping_status":"open","sticky":false,"template":"","format":"standard","meta":{"footnotes":""},"categories":[7,478,18,13],"tags":[529,494,528,369],"class_list":["post-3191","post","type-post","status-publish","format-standard","hentry","category-arquivo-de-noticias","category-coronavirus-e-direitos-dos-professores","category-destaque","category-home","tag-assembleia-unicuritiba","tag-grupo-anima","tag-professores-do-curitiba","tag-unicuritiba"],"_links":{"self":[{"href":"https:\/\/sinpes.org.br\/site\/wp-json\/wp\/v2\/posts\/3191","targetHints":{"allow":["GET"]}}],"collection":[{"href":"https:\/\/sinpes.org.br\/site\/wp-json\/wp\/v2\/posts"}],"about":[{"href":"https:\/\/sinpes.org.br\/site\/wp-json\/wp\/v2\/types\/post"}],"author":[{"embeddable":true,"href":"https:\/\/sinpes.org.br\/site\/wp-json\/wp\/v2\/users\/3"}],"replies":[{"embeddable":true,"href":"https:\/\/sinpes.org.br\/site\/wp-json\/wp\/v2\/comments?post=3191"}],"version-history":[{"count":1,"href":"https:\/\/sinpes.org.br\/site\/wp-json\/wp\/v2\/posts\/3191\/revisions"}],"predecessor-version":[{"id":3192,"href":"https:\/\/sinpes.org.br\/site\/wp-json\/wp\/v2\/posts\/3191\/revisions\/3192"}],"wp:attachment":[{"href":"https:\/\/sinpes.org.br\/site\/wp-json\/wp\/v2\/media?parent=3191"}],"wp:term":[{"taxonomy":"category","embeddable":true,"href":"https:\/\/sinpes.org.br\/site\/wp-json\/wp\/v2\/categories?post=3191"},{"taxonomy":"post_tag","embeddable":true,"href":"https:\/\/sinpes.org.br\/site\/wp-json\/wp\/v2\/tags?post=3191"}],"curies":[{"name":"wp","href":"https:\/\/api.w.org\/{rel}","templated":true}]}}