{"id":3185,"date":"2020-06-25T16:54:33","date_gmt":"2020-06-25T19:54:33","guid":{"rendered":"https:\/\/sinpes.org.br\/site\/?p=3185"},"modified":"2020-06-25T16:59:39","modified_gmt":"2020-06-25T19:59:39","slug":"sinpes-e-estudantes-do-unicuritiba-se-reunirao-para-discutir-problemas-da-instituicao","status":"publish","type":"post","link":"https:\/\/sinpes.org.br\/site\/sinpes-e-estudantes-do-unicuritiba-se-reunirao-para-discutir-problemas-da-instituicao\/","title":{"rendered":"Sinpes e estudantes do Unicuritiba se reunir\u00e3o para discutir problemas da institui\u00e7\u00e3o"},"content":{"rendered":"<p>Ciente de todos os preju\u00edzos que as mudan\u00e7as na matriz curricular proposta pelo Grupo \u00c2nima trar\u00e3o, tanto para professores quanto para alunos do Unicuritiba, o Sindicato dos Professores de Ensino Superior de Curitiba e Regi\u00e3o Metropolitana \u2013 SINPES, realizar\u00e1 uma reuni\u00e3o <em>online<\/em> com estudantes da institui\u00e7\u00e3o nesta sexta feira (26\/06) \u00e0s 17 h.<\/p>\n<p>A reuni\u00e3o tem como finalidade discutir estrat\u00e9gias de luta e destacar a import\u00e2ncia que o movimento iniciado pelos Diret\u00f3rios Acad\u00eamicos do Unicuritiba tem para fortalecer a pauta dos professores, que lutam para garantir emprego, sal\u00e1rio justo, direitos assegurados por lei e tamb\u00e9m uma educa\u00e7\u00e3o de excel\u00eancia.<\/p>\n<p>Os professores do Unicuritiba decidiram, por meio de vota\u00e7\u00e3o <em>online<\/em> nos dias 18 e \u00a019 de junho, por delegar ao Sinpes a representa\u00e7\u00e3o dos professores nas tratativas sobre o \u201cProcesso Seletivo de Professores\u201d e o novo modelo curricular baseado nas \u201cUnidades Curriculares\u201d (UCs), assinalando que a categoria rejeita a imposi\u00e7\u00e3o dos novos instrumentos de gest\u00e3o da empresa sem um debate amplo e aprofundado entre o Grupo Empresarial, Professores e Alunos.<\/p>\n<p>Diante do sil\u00eancio eloquente do Grupo \u00c2nima a prop\u00f3sito da posi\u00e7\u00e3o dos professores, o Sinpes protocolou pedido de media\u00e7\u00e3o no Minist\u00e9rio P\u00fablico do Trabalho e convocou os professores para nova assembleia geral virtual a ser realizada na pr\u00f3xima segunda-feira \u00e0s 17h00min, em que est\u00e1 em pauta eventual deflagra\u00e7\u00e3o de greve.<\/p>\n<p>A reuni\u00e3o com os alunos volta-se para potencializar a mobiliza\u00e7\u00e3o necess\u00e1ria.<\/p>\n<!-- AddThis Advanced Settings generic via filter on the_content --><!-- AddThis Share Buttons generic via filter on the_content -->","protected":false},"excerpt":{"rendered":"<p>Ciente de todos os preju\u00edzos que as mudan\u00e7as na matriz curricular proposta pelo Grupo \u00c2nima trar\u00e3o, tanto para professores quanto para alunos do Unicuritiba, o Sindicato dos Professores de Ensino Superior de Curitiba e Regi\u00e3o Metropolitana \u2013 SINPES, realizar\u00e1 uma reuni\u00e3o online com estudantes da institui\u00e7\u00e3o nesta sexta feira (26\/06) \u00e0s 17 h. A reuni\u00e3o [&hellip;]<!-- AddThis Advanced Settings generic via filter on wp_trim_excerpt --><!-- AddThis Share Buttons generic via filter on wp_trim_excerpt --><\/p>\n","protected":false},"author":3,"featured_media":0,"comment_status":"closed","ping_status":"open","sticky":false,"template":"","format":"standard","meta":{"footnotes":""},"categories":[7,478,18],"tags":[524,525,516,364,369],"class_list":["post-3185","post","type-post","status-publish","format-standard","hentry","category-arquivo-de-noticias","category-coronavirus-e-direitos-dos-professores","category-destaque","tag-alunos-do-unicuritiba","tag-edital-unicuritiba","tag-professores-do-unicuritiba","tag-reuniao","tag-unicuritiba"],"_links":{"self":[{"href":"https:\/\/sinpes.org.br\/site\/wp-json\/wp\/v2\/posts\/3185","targetHints":{"allow":["GET"]}}],"collection":[{"href":"https:\/\/sinpes.org.br\/site\/wp-json\/wp\/v2\/posts"}],"about":[{"href":"https:\/\/sinpes.org.br\/site\/wp-json\/wp\/v2\/types\/post"}],"author":[{"embeddable":true,"href":"https:\/\/sinpes.org.br\/site\/wp-json\/wp\/v2\/users\/3"}],"replies":[{"embeddable":true,"href":"https:\/\/sinpes.org.br\/site\/wp-json\/wp\/v2\/comments?post=3185"}],"version-history":[{"count":3,"href":"https:\/\/sinpes.org.br\/site\/wp-json\/wp\/v2\/posts\/3185\/revisions"}],"predecessor-version":[{"id":3188,"href":"https:\/\/sinpes.org.br\/site\/wp-json\/wp\/v2\/posts\/3185\/revisions\/3188"}],"wp:attachment":[{"href":"https:\/\/sinpes.org.br\/site\/wp-json\/wp\/v2\/media?parent=3185"}],"wp:term":[{"taxonomy":"category","embeddable":true,"href":"https:\/\/sinpes.org.br\/site\/wp-json\/wp\/v2\/categories?post=3185"},{"taxonomy":"post_tag","embeddable":true,"href":"https:\/\/sinpes.org.br\/site\/wp-json\/wp\/v2\/tags?post=3185"}],"curies":[{"name":"wp","href":"https:\/\/api.w.org\/{rel}","templated":true}]}}