{"id":3183,"date":"2020-06-22T15:22:50","date_gmt":"2020-06-22T18:22:50","guid":{"rendered":"https:\/\/sinpes.org.br\/site\/?p=3183"},"modified":"2020-06-22T15:22:50","modified_gmt":"2020-06-22T18:22:50","slug":"professores-do-unicuritiba-aprovam-sinpes-como-intermediador-de-novo-edital-com-o-grupo-anima","status":"publish","type":"post","link":"https:\/\/sinpes.org.br\/site\/professores-do-unicuritiba-aprovam-sinpes-como-intermediador-de-novo-edital-com-o-grupo-anima\/","title":{"rendered":"Professores do Unicuritiba aprovam Sinpes como intermediador de novo Edital com o Grupo \u00c2nima"},"content":{"rendered":"<p>Diante das incertezas trazidas pelo Grupo \u00c2nima Educacional ao professores do Unicuritiba, o Sindicato dos Professores de Ensino Superior de Curitiba e Regi\u00e3o Metropolitana \u2013 Sinpes, cumprindo seu hist\u00f3rico papel de lutar pelos direitos dos docentes, prop\u00f4s aos educadores da institui\u00e7\u00e3o ser o mediador na formula\u00e7\u00e3o de um novo \u201cEdital de Sele\u00e7\u00e3o dos Professores para Concess\u00e3o do Regime de Trabalho de Tempo Integral e Parcial\u201d. O primeiro edital, percebido como extremamente prejudicial aos professores e professoras, gerou diversas incertezas e foi retirado de pauta depois da press\u00e3o exercida pelos docentes.<br \/>\nDesde que o Grupo \u00c2nima assumiu a administra\u00e7\u00e3o do Unicuritiba, no final de 2019, o Sinpes tem acompanhado de perto a situa\u00e7\u00e3o dos professores. Somado a esse cen\u00e1rio que gera incertezas e preju\u00edzos aos docentes, estudantes daquele Centro Acad\u00eamico t\u00eam se manifestado &#8211; inclusive com a\u00e7\u00f5es p\u00fablicas de importante repercuss\u00e3o midi\u00e1tica &#8211; contr\u00e1rios \u00e0 n\u00e3o diminui\u00e7\u00e3o no valor de mensalidades, \u00e0 redu\u00e7\u00e3o da remunera\u00e7\u00e3o dos professores e \u00e0s mudan\u00e7as na matriz curricular impostas pelo Grupo \u00c2nima.<br \/>\nAssim, o Sinpes realizou uma assembleia virtual com os professores e professoras do Unicuritiba no dia 18\/06. A assembleia definiu que os professores votariam para legitimar ou n\u00e3o a intermedia\u00e7\u00e3o do Sinpes na cria\u00e7\u00e3o de um novo edital. A vota\u00e7\u00e3o foi realizada por meio do e-mail do sindicato e se estendeu at\u00e9 as 18 h do dia 19\/06. Como resultado a imensa maioria dos professores, de forma expressiva, deliberou pela nomea\u00e7\u00e3o do Sindicato como \u00f3rg\u00e3o oficial e representativo para as tratativas sobre o \u201cProcesso Seletivo de Professores\u201d e o novo modelo curricular baseado nas \u201cUnidades Curriculares\u201d (UCs), assinalando desde j\u00e1 que a categoria rejeita a imposi\u00e7\u00e3o e a rapidez dos novos instrumentos de gest\u00e3o da empresa, sem um debate amplo e aprofundado, sem a\u00e7odamento e com responsabilidade compartilhada do Grupo Empresarial e dos Professores.<br \/>\nEm cumprimento \u00e0 determina\u00e7\u00e3o da assembleia o Sinpes encaminhar\u00e1 nessa segunda-feira comunica\u00e7\u00e3o ao grupo \u00c2nima comunicando a delibera\u00e7\u00e3o dos professores.<br \/>\nNa primeira hora da manh\u00e3 de hoje o Sinpes respondeu of\u00edcio para as entidades estudantis do Unicuritiba, formulando uma s\u00e9rie de esclarecimentos sobre a posi\u00e7\u00e3o do corpo docente em rela\u00e7\u00e3o \u00e0s mudan\u00e7as que vem sendo propostas pelo Grupo \u00c2nima.<br \/>\nRegistre-se que a repercuss\u00e3o da mobiliza\u00e7\u00e3o conjunta de alunos e professores contra as medidas que precarizam o trabalho e o ensino j\u00e1 ultrapassaram as fronteiras de Curitiba e da Regi\u00e3o Metropolitana. Nessa manh\u00e3 a diretoria do Sinpes foi procurada pelo Presidente do Sindicato dos Professores da Regi\u00e3o Norte do Estado de Santa Catarina, interessado em adotar medidas articuladas no \u00e2mbito de sua representatividade, que alcan\u00e7a a cidade de Joinville, sede da SOCIESC.<br \/>\nComo se v\u00ea os \u00e2nimos parecem prosseguir exaltados em boa parte da \u00e1rea territorial em que atua o Grupo \u00c2nima!!!<\/p>\n<p><strong>Posicionamento do Grupo \u00c2nima:\u00a0<\/strong><\/p>\n<p><em>\u201cO UNICURITIBA segue aprimorando o seu Ecossistema de Aprendizagem com elementos alinhados \u00e0s melhores pr\u00e1ticas mundiais de ensino superior para manter o seu compromisso com a qualidade e inova\u00e7\u00e3o acad\u00eamica, caracter\u00edsticas que est\u00e3o conectadas ao DNA e hist\u00f3ria de nossa institui\u00e7\u00e3o. Ressaltamos que todas as movimenta\u00e7\u00f5es realizadas no corpo docente t\u00eam como prop\u00f3sito humanizar ainda mais a rela\u00e7\u00e3o de ensino e aprendizagem e levar educa\u00e7\u00e3o de qualidade para todos os brasileiros, por meio de um modelo de excel\u00eancia j\u00e1 consolidado no Brasil e no exterior\u201d.\u00a0<\/em><\/p>\n<!-- AddThis Advanced Settings generic via filter on the_content --><!-- AddThis Share Buttons generic via filter on the_content -->","protected":false},"excerpt":{"rendered":"<p>Diante das incertezas trazidas pelo Grupo \u00c2nima Educacional ao professores do Unicuritiba, o Sindicato dos Professores de Ensino Superior de Curitiba e Regi\u00e3o Metropolitana \u2013 Sinpes, cumprindo seu hist\u00f3rico papel de lutar pelos direitos dos docentes, prop\u00f4s aos educadores da institui\u00e7\u00e3o ser o mediador na formula\u00e7\u00e3o de um novo \u201cEdital de Sele\u00e7\u00e3o dos Professores para [&hellip;]<!-- AddThis Advanced Settings generic via filter on wp_trim_excerpt --><!-- AddThis Share Buttons generic via filter on wp_trim_excerpt --><\/p>\n","protected":false},"author":3,"featured_media":0,"comment_status":"closed","ping_status":"open","sticky":false,"template":"","format":"standard","meta":{"footnotes":""},"categories":[7,478,18,13],"tags":[527,281,494,516,369],"class_list":["post-3183","post","type-post","status-publish","format-standard","hentry","category-arquivo-de-noticias","category-coronavirus-e-direitos-dos-professores","category-destaque","category-home","tag-acordo-com-unicuritiba","tag-direitos-dos-professores","tag-grupo-anima","tag-professores-do-unicuritiba","tag-unicuritiba"],"_links":{"self":[{"href":"https:\/\/sinpes.org.br\/site\/wp-json\/wp\/v2\/posts\/3183","targetHints":{"allow":["GET"]}}],"collection":[{"href":"https:\/\/sinpes.org.br\/site\/wp-json\/wp\/v2\/posts"}],"about":[{"href":"https:\/\/sinpes.org.br\/site\/wp-json\/wp\/v2\/types\/post"}],"author":[{"embeddable":true,"href":"https:\/\/sinpes.org.br\/site\/wp-json\/wp\/v2\/users\/3"}],"replies":[{"embeddable":true,"href":"https:\/\/sinpes.org.br\/site\/wp-json\/wp\/v2\/comments?post=3183"}],"version-history":[{"count":1,"href":"https:\/\/sinpes.org.br\/site\/wp-json\/wp\/v2\/posts\/3183\/revisions"}],"predecessor-version":[{"id":3184,"href":"https:\/\/sinpes.org.br\/site\/wp-json\/wp\/v2\/posts\/3183\/revisions\/3184"}],"wp:attachment":[{"href":"https:\/\/sinpes.org.br\/site\/wp-json\/wp\/v2\/media?parent=3183"}],"wp:term":[{"taxonomy":"category","embeddable":true,"href":"https:\/\/sinpes.org.br\/site\/wp-json\/wp\/v2\/categories?post=3183"},{"taxonomy":"post_tag","embeddable":true,"href":"https:\/\/sinpes.org.br\/site\/wp-json\/wp\/v2\/tags?post=3183"}],"curies":[{"name":"wp","href":"https:\/\/api.w.org\/{rel}","templated":true}]}}