{"id":3173,"date":"2020-06-18T19:29:07","date_gmt":"2020-06-18T22:29:07","guid":{"rendered":"https:\/\/sinpes.org.br\/site\/?p=3173"},"modified":"2020-06-18T19:46:20","modified_gmt":"2020-06-18T22:46:20","slug":"professores-do-unicuritiba-decidem-participacao-do-sinpes-para-definir-novo-edital-com-grupo-anima","status":"publish","type":"post","link":"https:\/\/sinpes.org.br\/site\/professores-do-unicuritiba-decidem-participacao-do-sinpes-para-definir-novo-edital-com-grupo-anima\/","title":{"rendered":"Professores do Unicuritiba decidem participa\u00e7\u00e3o do Sinpes para definir novo edital com Grupo \u00c2nima"},"content":{"rendered":"<p>As 17:00 h desta quinta-feira (18\/06) o Sindicato dos Professores de Ensino Superior de Curitiba e Regi\u00e3o Metropolitana \u2013 Sinpes realizou uma Assembleia Virtual com professores do Unicuritiba. Na pauta o inusitado \u201cEdital de Sele\u00e7\u00e3o dos Professores para Concess\u00e3o do Regime de Trabalho de Tempo\u00a0<span class=\"text_exposed_show\">Integral e Parcial\u201d que prop\u00f5e condi\u00e7\u00f5es de trabalho desfavor\u00e1veis se comparadas com as que v\u00eam sendo praticadas na institui\u00e7\u00e3o de ensino.<\/span><\/p>\n<p>Os professores participantes debateram intensamente os riscos de precariza\u00e7\u00e3o contidos no Edital e na anunciada implanta\u00e7\u00e3o das Unidades Curriculares em substitui\u00e7\u00e3o \u00e0s disciplinas tradicionais. Os docentes consideraram o edital danoso \u00e0 categoria porque nos termos apresentados tamb\u00e9m resulta em redu\u00e7\u00f5es salariais.<\/p>\n<p>Foi consignada pelos docentes presentes profunda indigna\u00e7\u00e3o contra vers\u00e3o inver\u00eddica que estaria sendo disseminada entre os alunos no sentido de que os professores j\u00e1 saberiam das altera\u00e7\u00f5es curriculares que est\u00e3o sendo implementadas, inclusive j\u00e1 tendo sido treinados nesse sentido.<\/p>\n<p>O Sinpes prop\u00f4s intermediar negocia\u00e7\u00f5es com o Grupo \u00c2nima a fim de que se implementem novas condi\u00e7\u00f5es de trabalho sem perda de direitos nem redu\u00e7\u00f5es remunerat\u00f3rias, tendo como norte a desaprova\u00e7\u00e3o do teor do Edital j\u00e1 suspenso pela empregadora e a forma como est\u00e1 sendo proposta a implementa\u00e7\u00e3o das Unidades Curriculares.<\/p>\n<p>Todas as manifesta\u00e7\u00f5es externadas pelos presentes foram no sentido de aprovar a proposta do Sindicato. Todavia, para preservar a discri\u00e7\u00e3o do voto de todos os interessados, a assembleia deliberou que a aprova\u00e7\u00e3o ou rejei\u00e7\u00e3o da proposta deveria ser encaminhada pelo professor da UNICURITIBA at\u00e9 18h00min do dia 19.08.2020 para o e-mail comunicacao@sinpes.org.br.<\/p>\n<p>Assim que conclu\u00edda a vota\u00e7\u00e3o o Sinpes divulgar\u00e1 o resultado em seu site e em suas redes sociais.<\/p>\n<!-- AddThis Advanced Settings generic via filter on the_content --><!-- AddThis Share Buttons generic via filter on the_content -->","protected":false},"excerpt":{"rendered":"<p>As 17:00 h desta quinta-feira (18\/06) o Sindicato dos Professores de Ensino Superior de Curitiba e Regi\u00e3o Metropolitana \u2013 Sinpes realizou uma Assembleia Virtual com professores do Unicuritiba. Na pauta o inusitado \u201cEdital de Sele\u00e7\u00e3o dos Professores para Concess\u00e3o do Regime de Trabalho de Tempo\u00a0Integral e Parcial\u201d que prop\u00f5e condi\u00e7\u00f5es de trabalho desfavor\u00e1veis se comparadas [&hellip;]<!-- AddThis Advanced Settings generic via filter on wp_trim_excerpt --><!-- AddThis Share Buttons generic via filter on wp_trim_excerpt --><\/p>\n","protected":false},"author":3,"featured_media":0,"comment_status":"closed","ping_status":"open","sticky":false,"template":"","format":"standard","meta":{"footnotes":""},"categories":[7,478,18,13],"tags":[494,516,369,522],"class_list":["post-3173","post","type-post","status-publish","format-standard","hentry","category-arquivo-de-noticias","category-coronavirus-e-direitos-dos-professores","category-destaque","category-home","tag-grupo-anima","tag-professores-do-unicuritiba","tag-unicuritiba","tag-unicuritiba-acordo"],"_links":{"self":[{"href":"https:\/\/sinpes.org.br\/site\/wp-json\/wp\/v2\/posts\/3173","targetHints":{"allow":["GET"]}}],"collection":[{"href":"https:\/\/sinpes.org.br\/site\/wp-json\/wp\/v2\/posts"}],"about":[{"href":"https:\/\/sinpes.org.br\/site\/wp-json\/wp\/v2\/types\/post"}],"author":[{"embeddable":true,"href":"https:\/\/sinpes.org.br\/site\/wp-json\/wp\/v2\/users\/3"}],"replies":[{"embeddable":true,"href":"https:\/\/sinpes.org.br\/site\/wp-json\/wp\/v2\/comments?post=3173"}],"version-history":[{"count":3,"href":"https:\/\/sinpes.org.br\/site\/wp-json\/wp\/v2\/posts\/3173\/revisions"}],"predecessor-version":[{"id":3176,"href":"https:\/\/sinpes.org.br\/site\/wp-json\/wp\/v2\/posts\/3173\/revisions\/3176"}],"wp:attachment":[{"href":"https:\/\/sinpes.org.br\/site\/wp-json\/wp\/v2\/media?parent=3173"}],"wp:term":[{"taxonomy":"category","embeddable":true,"href":"https:\/\/sinpes.org.br\/site\/wp-json\/wp\/v2\/categories?post=3173"},{"taxonomy":"post_tag","embeddable":true,"href":"https:\/\/sinpes.org.br\/site\/wp-json\/wp\/v2\/tags?post=3173"}],"curies":[{"name":"wp","href":"https:\/\/api.w.org\/{rel}","templated":true}]}}