{"id":3166,"date":"2020-06-17T14:57:38","date_gmt":"2020-06-17T17:57:38","guid":{"rendered":"https:\/\/sinpes.org.br\/site\/?p=3166"},"modified":"2020-06-17T15:43:50","modified_gmt":"2020-06-17T18:43:50","slug":"sinpes-convoca-professores-da-unicuritiba-para-assembleia-virtual","status":"publish","type":"post","link":"https:\/\/sinpes.org.br\/site\/sinpes-convoca-professores-da-unicuritiba-para-assembleia-virtual\/","title":{"rendered":"SINPES CONVOCA PROFESSORES (as) DO UNICURITIBA PARA ASSEMBLEIA VIRTUAL"},"content":{"rendered":"<p>O SINPES tem acompanhado com apreens\u00e3o os diversos pronunciamentos do Grupo \u00c2nima que p\u00f5em em risco as condi\u00e7\u00f5es de trabalho dos professores da Unicuritiba.<br \/>\nNa quarta-feira, v\u00e9spera do feriado de Corpus Christi, os professores foram convocados para participar at\u00e9 ter\u00e7a-feira, 16.06.2020, de um inusitado \u201cEdital de Sele\u00e7\u00e3o dos Professores para Concess\u00e3o do Regime de Trabalho de Tempo Integral e Parcial\u201d que prop\u00f5e condi\u00e7\u00f5es de trabalho desfavor\u00e1veis se comparadas com as que vem sendo praticadas nessas duas institui\u00e7\u00f5es de ensino.<br \/>\nBasta que se coteje o valor m\u00e9dio da remunera\u00e7\u00e3o auferida pelos professores da Unicuritiba com a remunera\u00e7\u00e3o oferecida para os professores integrados supostamente por meritocracia no regimes de trabalho oferecidos (R$ 1.500,00 mensais para 10 horas aulas semanais e R$ 3.000,00 para 20 horas aulas semanais) para que se conclua nesse sentido.<br \/>\nEm reuni\u00e3o realizada com o Reitor da Unicuritiba e um integrante do grupo \u00c2nima na segunda-feira os professores revelaram suas preocupa\u00e7\u00f5es com a precariza\u00e7\u00e3o das rela\u00e7\u00f5es de trabalho e conseguiram o adiamento do prazo para o atendimento das exig\u00eancias do Edital. Foi tamb\u00e9m garantido que a entidade mantenedora est\u00e1 aberta para ouvir as pondera\u00e7\u00f5es do corpo docente a respeito do tema e far\u00e1 todos os esclarecimentos solicitados em documento encaminhado.<br \/>\nAo que parece, ao oferecer a \u201coportunidade\u201d para que os professores voluntariamente inscrevam-se para esse inusitado \u201cprocesso seletivo\u201d, o que se pretendeu foi legitimar altera\u00e7\u00f5es prejudiciais dos contratos de trabalho inspiradas na janela aberta pela reda\u00e7\u00e3o dada pelo Tribunal Superior do Trabalho quando da elabora\u00e7\u00e3o do inciso II da S\u00famula 51-TST:<br \/>\n\u201c51 &#8211; NORMA REGULAMENTAR. VANTAGENS E OP\u00c7\u00c3O PELO NOVO REGULAMENTO. ART. 468 DA CLT&#8230;<br \/>\nII &#8211; Havendo a coexist\u00eancia de dois regulamentos da empresa, a op\u00e7\u00e3o do empregado por um deles tem efeito jur\u00eddico de ren\u00fancia \u00e0s regras do sistema do outro.\u201d<br \/>\nPara preservar os professores dos riscos dessa complexa negocia\u00e7\u00e3o coletiva com a empregadora, um grupo de professores solicitou que o Sinpes representasse os interessados no processo, conforme determina o artigo 8\u00ba da Constitui\u00e7\u00e3o Federal.<br \/>\nPara que a atua\u00e7\u00e3o do sindicato reflita democraticamente o posicionamento da maioria e para debater a pertin\u00eancia de eventuais medidas de press\u00e3o para defesa dos direitos dos professores, o SINPES convocou assembleia geral virtual para o dia 18.06.2020, quinta-feira, \u00e0s 17h00min.<br \/>\nO c\u00f3digo necess\u00e1rio para que os interessados possam participar estar\u00e1 dispon\u00edvel a partir das 14h00min do dia 18.06.2020 no Facebook do Sinpes e no site do Sindicato: www.sinpes.org.br.<\/p>\n<p>Professor da Unicuritiba, compare\u00e7a \u00e0 Assembleia Virtual convocada pelo seu Sindicato.<\/p>\n<p><strong>Em resposta aos questionamentos do Sinpes a assessoria de imprensa do Unicuritiba enviou a seguinte nota:<\/strong><\/p>\n<p><em>&#8220;O UNICURITIBA segue aprimorando o seu Ecossistema de Aprendizagem com elementos alinhados \u00e0s melhores pr\u00e1ticas mundiais de ensino superior para manter o seu compromisso com a qualidade e inova\u00e7\u00e3o acad\u00eamica, caracter\u00edsticas que est\u00e3o conectadas ao DNA e hist\u00f3ria de nossa institui\u00e7\u00e3o. Ressaltamos que todas as movimenta\u00e7\u00f5es realizadas no corpo docente t\u00eam como prop\u00f3sito humanizar ainda mais a rela\u00e7\u00e3o de ensino e aprendizagem e levar educa\u00e7\u00e3o de qualidade para todos os brasileiros, por meio de um modelo de excel\u00eancia j\u00e1 consolidado no Brasil e no exterior&#8221;.\u00a0<\/em><\/p>\n<!-- AddThis Advanced Settings generic via filter on the_content --><!-- AddThis Share Buttons generic via filter on the_content -->","protected":false},"excerpt":{"rendered":"<p>O SINPES tem acompanhado com apreens\u00e3o os diversos pronunciamentos do Grupo \u00c2nima que p\u00f5em em risco as condi\u00e7\u00f5es de trabalho dos professores da Unicuritiba. Na quarta-feira, v\u00e9spera do feriado de Corpus Christi, os professores foram convocados para participar at\u00e9 ter\u00e7a-feira, 16.06.2020, de um inusitado \u201cEdital de Sele\u00e7\u00e3o dos Professores para Concess\u00e3o do Regime de Trabalho [&hellip;]<!-- AddThis Advanced Settings generic via filter on wp_trim_excerpt --><!-- AddThis Share Buttons generic via filter on wp_trim_excerpt --><\/p>\n","protected":false},"author":3,"featured_media":0,"comment_status":"closed","ping_status":"open","sticky":false,"template":"","format":"standard","meta":{"footnotes":""},"categories":[7,478,18,13],"tags":[305,520,515,521,369],"class_list":["post-3166","post","type-post","status-publish","format-standard","hentry","category-arquivo-de-noticias","category-coronavirus-e-direitos-dos-professores","category-destaque","category-home","tag-assembleia","tag-assembleia-de-professores","tag-assembleia-virtual","tag-professores-unicuritiba","tag-unicuritiba"],"_links":{"self":[{"href":"https:\/\/sinpes.org.br\/site\/wp-json\/wp\/v2\/posts\/3166","targetHints":{"allow":["GET"]}}],"collection":[{"href":"https:\/\/sinpes.org.br\/site\/wp-json\/wp\/v2\/posts"}],"about":[{"href":"https:\/\/sinpes.org.br\/site\/wp-json\/wp\/v2\/types\/post"}],"author":[{"embeddable":true,"href":"https:\/\/sinpes.org.br\/site\/wp-json\/wp\/v2\/users\/3"}],"replies":[{"embeddable":true,"href":"https:\/\/sinpes.org.br\/site\/wp-json\/wp\/v2\/comments?post=3166"}],"version-history":[{"count":3,"href":"https:\/\/sinpes.org.br\/site\/wp-json\/wp\/v2\/posts\/3166\/revisions"}],"predecessor-version":[{"id":3169,"href":"https:\/\/sinpes.org.br\/site\/wp-json\/wp\/v2\/posts\/3166\/revisions\/3169"}],"wp:attachment":[{"href":"https:\/\/sinpes.org.br\/site\/wp-json\/wp\/v2\/media?parent=3166"}],"wp:term":[{"taxonomy":"category","embeddable":true,"href":"https:\/\/sinpes.org.br\/site\/wp-json\/wp\/v2\/categories?post=3166"},{"taxonomy":"post_tag","embeddable":true,"href":"https:\/\/sinpes.org.br\/site\/wp-json\/wp\/v2\/tags?post=3166"}],"curies":[{"name":"wp","href":"https:\/\/api.w.org\/{rel}","templated":true}]}}