{"id":3162,"date":"2020-06-16T14:07:49","date_gmt":"2020-06-16T17:07:49","guid":{"rendered":"https:\/\/sinpes.org.br\/site\/?p=3162"},"modified":"2020-06-16T14:31:00","modified_gmt":"2020-06-16T17:31:00","slug":"reducao-de-carga-horaria-e-demissoes-deixam-professores-do-uninter-sob-alerta","status":"publish","type":"post","link":"https:\/\/sinpes.org.br\/site\/reducao-de-carga-horaria-e-demissoes-deixam-professores-do-uninter-sob-alerta\/","title":{"rendered":"Redu\u00e7\u00e3o de carga hor\u00e1ria e demiss\u00f5es deixam professores do Uninter sob alerta"},"content":{"rendered":"<p>Professores do Centro Universit\u00e1rio Internacional \u2013 Uninter entraram em contato com o Sinpes para denunciar in\u00fameras situa\u00e7\u00f5es de redu\u00e7\u00e3o de carga hor\u00e1ria justamente nesse momento, em que os docentes est\u00e3o trabalhando por meio de Teletrabalho em dobro e muitas vezes em triplo do que em condi\u00e7\u00f5es normais.<\/p>\n<p>As informa\u00e7\u00f5es d\u00e3o conta de que docentes em diversos cursos tiveram corte em suas jornadas. Alguns, segundo a den\u00fancia, perderam metade das horas de trabalho.<\/p>\n<p>A den\u00fancia tamb\u00e9m aponta que teriam ocorrido muitas demiss\u00f5es nos polos do Uninter. Muitos coordenadores e professores teriam sido demitidos. O Sinpes tentou apurar as informa\u00e7\u00f5es sobre demiss\u00f5es de professores, mas os docentes consultados pelo sindicato n\u00e3o souberam precisar a quantidade de demitidos. Com o fim da obrigatoriedade de as rescis\u00f5es contratuais serem homologadas na entidade sindical, tornou-se mais dif\u00edcil o acesso dos sindicatos a esse tipo de informa\u00e7\u00e3o.<\/p>\n<p>A situa\u00e7\u00e3o foi objeto de den\u00fancia perante o Minist\u00e9rio P\u00fablico do Trabalho. Por meio da Requisi\u00e7\u00e3o n\u00famero 108870.2020 a Procuradora do Trabalho Vanessa Kasecker Bozza solicitou ao Sinpes para que \u201cinforme ao MPT se tem conhecimento da den\u00fancia da dispensa em massa sem pr\u00e9via negocia\u00e7\u00e3o, dos coordenadores pedag\u00f3gicos da Uninter :Educacional&#8230; e se pretende tomar alguma provid\u00eancia para salvaguarda dos trabalhadores sujeitos \u00e0 dispensa&#8230;\u201d.<\/p>\n<p>Embora a contrarreforma trabalhista tenha expressamente afastado qualquer direito dos trabalhadores em caso de despedida coletiva, subsiste a tese de que deve ser garantido aos demitidos nessas circunst\u00e2ncias uma indeniza\u00e7\u00e3o estabelecida em negocia\u00e7\u00e3o coletiva ou judicialmente arbitrada com base em preceitos constitucionais, conforme decidido pelo Tribunal Superior do Trabalho no paradigm\u00e1tico caso da Embraer.<\/p>\n<p>Em se confirmando a demiss\u00e3o coletiva, o Sinpes denunciar\u00e1 esse truculento expediente em suas redes sociais e no Jornal Did\u00e1tico, al\u00e9m de recomendar aos professores prejudicados que entrem com a\u00e7\u00f5es individuais buscando o arbitramento da indeniza\u00e7\u00e3o devida.<\/p>\n<p>Depois da contrarreforma trabalhista o Sinpes adotou posicionamento no sentido de ajuizar a\u00e7\u00f5es na qualidade de substituto processual apenas em benef\u00edcio de empregados que por ainda estarem prestando servi\u00e7os ao empregador encontram-se impedidos de propor a\u00e7\u00f5es individuais em face das repres\u00e1lias que costumeiramente ocorrem nestas circunst\u00e2ncias.<\/p>\n<p>O Sinpes entrou em contato com a Assessoria de Imprensa do Uninter pedindo esclarecimento sobre os fatos trazidos nesta mat\u00e9ria, mas at\u00e9 a publica\u00e7\u00e3o da mesma n\u00e3o hav\u00edamos recebido uma resposta.<\/p>\n<!-- AddThis Advanced Settings generic via filter on the_content --><!-- AddThis Share Buttons generic via filter on the_content -->","protected":false},"excerpt":{"rendered":"<p>Professores do Centro Universit\u00e1rio Internacional \u2013 Uninter entraram em contato com o Sinpes para denunciar in\u00fameras situa\u00e7\u00f5es de redu\u00e7\u00e3o de carga hor\u00e1ria justamente nesse momento, em que os docentes est\u00e3o trabalhando por meio de Teletrabalho em dobro e muitas vezes em triplo do que em condi\u00e7\u00f5es normais. As informa\u00e7\u00f5es d\u00e3o conta de que docentes em [&hellip;]<!-- AddThis Advanced Settings generic via filter on wp_trim_excerpt --><!-- AddThis Share Buttons generic via filter on wp_trim_excerpt --><\/p>\n","protected":false},"author":3,"featured_media":0,"comment_status":"closed","ping_status":"open","sticky":false,"template":"","format":"standard","meta":{"footnotes":""},"categories":[7,478,18],"tags":[390,366,382,519,518,469],"class_list":["post-3162","post","type-post","status-publish","format-standard","hentry","category-arquivo-de-noticias","category-coronavirus-e-direitos-dos-professores","category-destaque","tag-acordos","tag-demissoes","tag-demissoes-coletivas","tag-mpt","tag-reducao-de-carga-horaria","tag-uninter"],"_links":{"self":[{"href":"https:\/\/sinpes.org.br\/site\/wp-json\/wp\/v2\/posts\/3162","targetHints":{"allow":["GET"]}}],"collection":[{"href":"https:\/\/sinpes.org.br\/site\/wp-json\/wp\/v2\/posts"}],"about":[{"href":"https:\/\/sinpes.org.br\/site\/wp-json\/wp\/v2\/types\/post"}],"author":[{"embeddable":true,"href":"https:\/\/sinpes.org.br\/site\/wp-json\/wp\/v2\/users\/3"}],"replies":[{"embeddable":true,"href":"https:\/\/sinpes.org.br\/site\/wp-json\/wp\/v2\/comments?post=3162"}],"version-history":[{"count":2,"href":"https:\/\/sinpes.org.br\/site\/wp-json\/wp\/v2\/posts\/3162\/revisions"}],"predecessor-version":[{"id":3164,"href":"https:\/\/sinpes.org.br\/site\/wp-json\/wp\/v2\/posts\/3162\/revisions\/3164"}],"wp:attachment":[{"href":"https:\/\/sinpes.org.br\/site\/wp-json\/wp\/v2\/media?parent=3162"}],"wp:term":[{"taxonomy":"category","embeddable":true,"href":"https:\/\/sinpes.org.br\/site\/wp-json\/wp\/v2\/categories?post=3162"},{"taxonomy":"post_tag","embeddable":true,"href":"https:\/\/sinpes.org.br\/site\/wp-json\/wp\/v2\/tags?post=3162"}],"curies":[{"name":"wp","href":"https:\/\/api.w.org\/{rel}","templated":true}]}}