{"id":3154,"date":"2020-06-15T14:43:15","date_gmt":"2020-06-15T17:43:15","guid":{"rendered":"https:\/\/sinpes.org.br\/site\/?p=3154"},"modified":"2020-06-17T13:56:12","modified_gmt":"2020-06-17T16:56:12","slug":"sinpes-convoca-professores-do-unicuritiba-para-assembleia-virtual","status":"publish","type":"post","link":"https:\/\/sinpes.org.br\/site\/sinpes-convoca-professores-do-unicuritiba-para-assembleia-virtual\/","title":{"rendered":"Sinpes convoca professores do Unicuritiba para Assembleia Virtual"},"content":{"rendered":"<p><strong>EDITAL DE CONVOCA\u00c7\u00c3O<\/strong><\/p>\n<p>&nbsp;<\/p>\n<p>O SINPES \u2013 Sindicato dos Professores de Ensino Superior de Curitiba e Regi\u00e3o Metropolitana \u2013 convoca os professores da UNICURITIBA para Assembleia Geral Virtual a ser realizada no dia 18 de junho de 2020 \u00e0s 18 h, quando ser\u00e1 discutida a seguinte ordem do dia:<\/p>\n<p>&nbsp;<\/p>\n<ul>\n<li>Posicionamento dos Professores sobre Edital de Sele\u00e7\u00e3o para regime de trabalho docente;<\/li>\n<li>Deflagra\u00e7\u00e3o de greve;<\/li>\n<li>Assuntos Gerais.<\/li>\n<\/ul>\n<p>&nbsp;<\/p>\n<p>O c\u00f3digo (e link) para participar da assembleia estar\u00e1 dispon\u00edvel no Facebook e no Site do Sinpes (<a href=\"http:\/\/www.sinpes.org.br\">www.sinpes.org.br<\/a>) a partir das 14h30min do dia 18.06.2020.<\/p>\n<p>&nbsp;<\/p>\n<p>Curitiba, 15 de junho de 2020.<\/p>\n<p>&nbsp;<\/p>\n<p><strong>Valdyr Perrini<\/strong><\/p>\n<p><strong>\u00a0 Presidente<\/strong><\/p>\n<p><a href=\"https:\/\/sinpes.org.br\/site\/wp-content\/uploads\/2020\/06\/Edital-Assembleia-Virtual-Unicuritiba-.pdf\">Edital Assembleia Virtual Unicuritiba<\/a><\/p>\n<p>&nbsp;<\/p>\n<!-- AddThis Advanced Settings generic via filter on the_content --><!-- AddThis Share Buttons generic via filter on the_content -->","protected":false},"excerpt":{"rendered":"<p>EDITAL DE CONVOCA\u00c7\u00c3O &nbsp; O SINPES \u2013 Sindicato dos Professores de Ensino Superior de Curitiba e Regi\u00e3o Metropolitana \u2013 convoca os professores da UNICURITIBA para Assembleia Geral Virtual a ser realizada no dia 18 de junho de 2020 \u00e0s 18 h, quando ser\u00e1 discutida a seguinte ordem do dia: &nbsp; Posicionamento dos Professores sobre Edital [&hellip;]<!-- AddThis Advanced Settings generic via filter on wp_trim_excerpt --><!-- AddThis Share Buttons generic via filter on wp_trim_excerpt --><\/p>\n","protected":false},"author":3,"featured_media":0,"comment_status":"closed","ping_status":"open","sticky":false,"template":"","format":"standard","meta":{"footnotes":""},"categories":[7,478,18],"tags":[305,515,516,369],"class_list":["post-3154","post","type-post","status-publish","format-standard","hentry","category-arquivo-de-noticias","category-coronavirus-e-direitos-dos-professores","category-destaque","tag-assembleia","tag-assembleia-virtual","tag-professores-do-unicuritiba","tag-unicuritiba"],"_links":{"self":[{"href":"https:\/\/sinpes.org.br\/site\/wp-json\/wp\/v2\/posts\/3154","targetHints":{"allow":["GET"]}}],"collection":[{"href":"https:\/\/sinpes.org.br\/site\/wp-json\/wp\/v2\/posts"}],"about":[{"href":"https:\/\/sinpes.org.br\/site\/wp-json\/wp\/v2\/types\/post"}],"author":[{"embeddable":true,"href":"https:\/\/sinpes.org.br\/site\/wp-json\/wp\/v2\/users\/3"}],"replies":[{"embeddable":true,"href":"https:\/\/sinpes.org.br\/site\/wp-json\/wp\/v2\/comments?post=3154"}],"version-history":[{"count":2,"href":"https:\/\/sinpes.org.br\/site\/wp-json\/wp\/v2\/posts\/3154\/revisions"}],"predecessor-version":[{"id":3165,"href":"https:\/\/sinpes.org.br\/site\/wp-json\/wp\/v2\/posts\/3154\/revisions\/3165"}],"wp:attachment":[{"href":"https:\/\/sinpes.org.br\/site\/wp-json\/wp\/v2\/media?parent=3154"}],"wp:term":[{"taxonomy":"category","embeddable":true,"href":"https:\/\/sinpes.org.br\/site\/wp-json\/wp\/v2\/categories?post=3154"},{"taxonomy":"post_tag","embeddable":true,"href":"https:\/\/sinpes.org.br\/site\/wp-json\/wp\/v2\/tags?post=3154"}],"curies":[{"name":"wp","href":"https:\/\/api.w.org\/{rel}","templated":true}]}}