{"id":3151,"date":"2020-06-10T11:47:38","date_gmt":"2020-06-10T14:47:38","guid":{"rendered":"https:\/\/sinpes.org.br\/site\/?p=3151"},"modified":"2020-06-10T11:47:38","modified_gmt":"2020-06-10T14:47:38","slug":"nota-de-pesar-pelo-falecimento-do-professor-cleverson-leite-bastos","status":"publish","type":"post","link":"https:\/\/sinpes.org.br\/site\/nota-de-pesar-pelo-falecimento-do-professor-cleverson-leite-bastos\/","title":{"rendered":"Nota de pesar pelo falecimento do professor Cleverson Leite Bastos"},"content":{"rendered":"<p><a href=\"https:\/\/sinpes.org.br\/site\/wp-content\/uploads\/2020\/06\/6c0cd7d5-b1b0-41b5-b7f0-f906f5ddc099.jpg\"><img loading=\"lazy\" decoding=\"async\" class=\"aligncenter size-medium wp-image-3152\" src=\"https:\/\/sinpes.org.br\/site\/wp-content\/uploads\/2020\/06\/6c0cd7d5-b1b0-41b5-b7f0-f906f5ddc099-183x300.jpg\" alt=\"\" width=\"183\" height=\"300\" srcset=\"https:\/\/sinpes.org.br\/site\/wp-content\/uploads\/2020\/06\/6c0cd7d5-b1b0-41b5-b7f0-f906f5ddc099-183x300.jpg 183w, https:\/\/sinpes.org.br\/site\/wp-content\/uploads\/2020\/06\/6c0cd7d5-b1b0-41b5-b7f0-f906f5ddc099.jpg 200w\" sizes=\"auto, (max-width: 183px) 100vw, 183px\" \/><\/a><\/p>\n<p>O Sinpes lamenta profundamente o falecimento do professor Cleverson Leite Bastos. O Sindicato expressa seu mais profundo pesar \u00e0 fam\u00edlia, aos amigos e tamb\u00e9m aos alunos do professor Cleverson.<\/p>\n<p>Docente do Curso de Direito da Faculdade de Educa\u00e7\u00e3o Superior do Paran\u00e1 \u2013 FESP, Cleverson Leite Bastos possu\u00eda gradua\u00e7\u00e3o em Filosofia pela Pontif\u00edcia Universidade Cat\u00f3lica do Paran\u00e1 (1980), mestrado em L\u00f3gica pela Pontif\u00edcia Universidade Cat\u00f3lica de S\u00e3o Paulo (1990), doutorado em Comunica\u00e7\u00e3o e Semi\u00f3tica pela Pontif\u00edcia Universidade Cat\u00f3lica de S\u00e3o Paulo (1997) e est\u00e1gio de p\u00f3s-doutorado em Filosofia pela Universidade Federal de S\u00e3o Carlos (2006).<\/p>\n<p>Entre o enorme legado do professor Cleverson para o estudo da Filosofia se destacam cinco livros: \u201cAprendendo a L\u00f3gica\u201d (2011), \u201cA L\u00f3gica dos Estoicos\u201d (2010), \u201cFilosofia para a Ci\u00eancia\u201d (2008), \u201cFilosofia da Linguagem\u201d (2007) e \u201cAprendendo a Aprender \u2013 Introdu\u00e7\u00e3o \u00e0 Metodologia Cient\u00edfica\u201d (1998).<\/p>\n<p>Possuidor de uma mente genial, atribulada e pol\u00eamica, sempre fez grande diferen\u00e7a por onde atuou! Por cerca de 30 anos lecionou disciplinas filos\u00f3ficas na Pontif\u00edcia Universidade Cat\u00f3lica do Paran\u00e1, onde deixou muitos amigos e foi por diversas vezes homenageado pelos seus alunos. Ali chegou inclusive a exercer a fun\u00e7\u00e3o de Coordenador do Curso de Filosofia, eleito pelos seus pares.<\/p>\n<p>Sempre priorizando o coletivo em detrimento dos interesses individuais, fez parte da comiss\u00e3o de professores que costurou acordo hist\u00f3rico entre o SINPES e a FESP, onde lecionava. O ajuste garantiu a continuidade do funcionamento dessa Institui\u00e7\u00e3o de Ensino Superior com o m\u00ednimo de sacrif\u00edcio dos direitos dos professores e foi viabilizado gra\u00e7as ao esfor\u00e7o de todos e \u00e0s interven\u00e7\u00f5es apaixonadas do Professor Cleverson.<\/p>\n<!-- AddThis Advanced Settings generic via filter on the_content --><!-- AddThis Share Buttons generic via filter on the_content -->","protected":false},"excerpt":{"rendered":"<p>O Sinpes lamenta profundamente o falecimento do professor Cleverson Leite Bastos. O Sindicato expressa seu mais profundo pesar \u00e0 fam\u00edlia, aos amigos e tamb\u00e9m aos alunos do professor Cleverson. Docente do Curso de Direito da Faculdade de Educa\u00e7\u00e3o Superior do Paran\u00e1 \u2013 FESP, Cleverson Leite Bastos possu\u00eda gradua\u00e7\u00e3o em Filosofia pela Pontif\u00edcia Universidade Cat\u00f3lica do [&hellip;]<!-- AddThis Advanced Settings generic via filter on wp_trim_excerpt --><!-- AddThis Share Buttons generic via filter on wp_trim_excerpt --><\/p>\n","protected":false},"author":3,"featured_media":3152,"comment_status":"closed","ping_status":"open","sticky":false,"template":"","format":"standard","meta":{"footnotes":""},"categories":[7,478,18],"tags":[513,344,514,401],"class_list":["post-3151","post","type-post","status-publish","format-standard","has-post-thumbnail","hentry","category-arquivo-de-noticias","category-coronavirus-e-direitos-dos-professores","category-destaque","tag-falecimento","tag-fesp","tag-nota-de-pesa","tag-professor"],"_links":{"self":[{"href":"https:\/\/sinpes.org.br\/site\/wp-json\/wp\/v2\/posts\/3151","targetHints":{"allow":["GET"]}}],"collection":[{"href":"https:\/\/sinpes.org.br\/site\/wp-json\/wp\/v2\/posts"}],"about":[{"href":"https:\/\/sinpes.org.br\/site\/wp-json\/wp\/v2\/types\/post"}],"author":[{"embeddable":true,"href":"https:\/\/sinpes.org.br\/site\/wp-json\/wp\/v2\/users\/3"}],"replies":[{"embeddable":true,"href":"https:\/\/sinpes.org.br\/site\/wp-json\/wp\/v2\/comments?post=3151"}],"version-history":[{"count":1,"href":"https:\/\/sinpes.org.br\/site\/wp-json\/wp\/v2\/posts\/3151\/revisions"}],"predecessor-version":[{"id":3153,"href":"https:\/\/sinpes.org.br\/site\/wp-json\/wp\/v2\/posts\/3151\/revisions\/3153"}],"wp:featuredmedia":[{"embeddable":true,"href":"https:\/\/sinpes.org.br\/site\/wp-json\/wp\/v2\/media\/3152"}],"wp:attachment":[{"href":"https:\/\/sinpes.org.br\/site\/wp-json\/wp\/v2\/media?parent=3151"}],"wp:term":[{"taxonomy":"category","embeddable":true,"href":"https:\/\/sinpes.org.br\/site\/wp-json\/wp\/v2\/categories?post=3151"},{"taxonomy":"post_tag","embeddable":true,"href":"https:\/\/sinpes.org.br\/site\/wp-json\/wp\/v2\/tags?post=3151"}],"curies":[{"name":"wp","href":"https:\/\/api.w.org\/{rel}","templated":true}]}}