{"id":3145,"date":"2020-06-03T16:32:37","date_gmt":"2020-06-03T19:32:37","guid":{"rendered":"https:\/\/sinpes.org.br\/site\/?p=3145"},"modified":"2020-06-04T14:43:03","modified_gmt":"2020-06-04T17:43:03","slug":"excesso-de-trabalho-leva-professores-da-positivo-a-exaustao","status":"publish","type":"post","link":"https:\/\/sinpes.org.br\/site\/excesso-de-trabalho-leva-professores-da-positivo-a-exaustao\/","title":{"rendered":"Excesso de trabalho leva professores da Positivo \u00e0 exaust\u00e3o"},"content":{"rendered":"<p><a href=\"https:\/\/sinpes.org.br\/site\/wp-content\/uploads\/2020\/06\/universidadepositivo-660x372-1.jpg\"><img loading=\"lazy\" decoding=\"async\" class=\"aligncenter wp-image-3146\" src=\"https:\/\/sinpes.org.br\/site\/wp-content\/uploads\/2020\/06\/universidadepositivo-660x372-1-300x169.jpg\" alt=\"\" width=\"492\" height=\"277\" srcset=\"https:\/\/sinpes.org.br\/site\/wp-content\/uploads\/2020\/06\/universidadepositivo-660x372-1-300x169.jpg 300w, https:\/\/sinpes.org.br\/site\/wp-content\/uploads\/2020\/06\/universidadepositivo-660x372-1.jpg 660w\" sizes=\"auto, (max-width: 492px) 100vw, 492px\" \/><\/a><\/p>\n<p>N\u00e3o bastassem as mazelas trazidas por uma pandemia que j\u00e1 ceifou quase 30 mil vidas no Brasil, desde que o Coronav\u00edrus chegou ao pa\u00eds milh\u00f5es de trabalhadores t\u00eam sofrido, \u00e0 f\u00f3rceps, injustas redu\u00e7\u00f5es de sal\u00e1rio e severo aumento de carga hor\u00e1ria. O Sinpes tem acompanhado, desde o in\u00edcio da quarentena, injusti\u00e7as cometidas por algumas institui\u00e7\u00f5es de ensino superior de Curitiba e Regi\u00e3o Metropolitana.<\/p>\n<p>Diversas den\u00fancias j\u00e1 foram encaminhadas aos nossos canais de comunica\u00e7\u00e3o por docentes que compreendem a import\u00e2ncia de revelar ilegalidades e injusti\u00e7as cometidas por institui\u00e7\u00f5es de ensino privado. Na \u00faltima sexta feira (29\/05), o Sinpes recebeu den\u00fancia de docente da Universidade Positivo que, depois de checada com outros professores da institui\u00e7\u00e3o, revela-se como verdadeira e mostra uma face cruel do ensino superior privado nestes tempos de pandemia.<\/p>\n<p>A den\u00fancia destaca que professores e professoras que lecionam no curso de Direito da Universidade Positivo t\u00eam sofrido com sobrecarga de trabalho agora que as aulas s\u00e3o feitas de maneira remota. Entre o dia 18 e 22\/05, como aponta a den\u00fancia, ocorreu uma semana de provas na UP. As provas elaboradas deveriam ser dissertativas e ter entre 5 e 10 mil caracteres. Os alunos poderiam realiz\u00e1-las ao longo de uma semana e poderiam fazer em duplas ou trios. J\u00e1 os professores, tiveram 12 dias para corrigi-las.<\/p>\n<p>O agravante \u00e9 que a rotina de trabalho n\u00e3o foi alterada durante as corre\u00e7\u00f5es, ou seja, os docentes continuaram preparando, gravando e transmitindo aulas. Al\u00e9m de disso, a Positivo exigiu dos educadores um gabarito das respostas esperadas e um v\u00eddeo de devolutiva de cada prova.<\/p>\n<p>A sobrecarga de trabalho tem levado estes professores \u00e0 exaust\u00e3o e, como muitos n\u00e3o conseguiram entregar todas as provas corrigidas no prazo estipulado, a coordena\u00e7\u00e3o do curso de Direito tem feito press\u00e3o por meio de mensagens em grupos de whatsapp.<\/p>\n<p>O Sinpes alerta que atitudes como essa da Universidade Positivo configuram evidente ilegalidade, pass\u00edvel de ensejar o recebimento de horas extras pelo trabalho al\u00e9m da jornada remunerada, assim como indeniza\u00e7\u00e3o em face dos danos existenciais amargados, a serem postuladas oportunamente em a\u00e7\u00e3o trabalhista futura individual ou coletiva.<\/p>\n<p>Segundo Marco Aur\u00e9lio Bezerra de Melo o dano existencial configura-se quando, ap\u00f3s a les\u00e3o, h\u00e1 uma perda da qualidade de vida do indiv\u00edduo, que fica impossibilitado ou encontra grandes dificuldades em manter suas atividades cotidianas\u201d.<\/p>\n<p>O Sinpes entrou em contato com a assessoria de imprensa da Universidade Positivo para pedir uma resposta sobre os fatos trazidos na mat\u00e9ria. No entanto, at\u00e9 a publica\u00e7\u00e3o da mesma, n\u00e3o hav\u00edamos recebido resposta.<\/p>\n<div class=\"\" data-block=\"true\" data-editor=\"cmqvr\" data-offset-key=\"dkcaa-0-0\">\n<div data-offset-key=\"dkcaa-0-0\">&#8212;&#8212;&#8212;&#8212;&#8212;&#8212;&#8212;&#8212;&#8212;&#8212;&#8212;&#8212;&#8212;&#8212;&#8212;&#8212;&#8212;&#8212;&#8212;&#8212;&#8212;&#8212;&#8212;&#8212;&#8212;&#8212;&#8212;&#8212;&#8212;&#8212;&#8212;&#8212;&#8212;&#8212;&#8212;&#8212;&#8212;&#8212;&#8212;&#8212;&#8212;&#8212;&#8212;&#8212;&#8211;<\/div>\n<div class=\"_1mf _1mj\" data-offset-key=\"dkcaa-0-0\"><span data-offset-key=\"dkcaa-0-0\">Sobre os fatos trazidos na mat\u00e9ria, o Sinpes recebeu uma nota, n\u00e3o da Universidade Positivo, mas de um professor da institui\u00e7\u00e3o que questiona alguns fatos trazidos no texto. Primando pelo respeito democr\u00e1tico \u00e0 pluralidade de opini\u00f5es, a diretoria do Sinpes decidiu por publicar a resposta enviada pelo professor que segue abaixo na \u00edntegra:<\/span><\/div>\n<\/div>\n<div class=\"\" data-block=\"true\" data-editor=\"cmqvr\" data-offset-key=\"3viq7-0-0\">\n<div class=\"_1mf _1mj\" data-offset-key=\"3viq7-0-0\"><span data-offset-key=\"3viq7-0-0\">\u00a0<\/span><\/div>\n<\/div>\n<div class=\"\" data-block=\"true\" data-editor=\"cmqvr\" data-offset-key=\"d58i8-0-0\">\n<div class=\"_1mf _1mj\" data-offset-key=\"d58i8-0-0\"><span data-offset-key=\"d58i8-0-0\">&#8220;Bom dia, meu nome \u00e9 GUILHERME AUGUSTO BITTENCOURT CORR\u00caA, professor do Curso de Direito da Universidade Positivo desde agosto de 2011 e venho por meio deste apresentar manifesta\u00e7\u00e3o em rela\u00e7\u00e3o \u00e0 not\u00edcia veiculada no site do SINPES com o seguinte t\u00edtulo: &#8220;Excesso de trabalho leva professores da Positivo \u00e0 exaust\u00e3o&#8221; contida no link: https:\/\/sinpes.org.br\/site\/excesso-de-trabalho-leva-professores-da-positivo-a-exaustao\/.<\/span><\/div>\n<\/div>\n<div class=\"\" data-block=\"true\" data-editor=\"cmqvr\" data-offset-key=\"emm1f-0-0\">\n<div class=\"_1mf _1mj\" data-offset-key=\"emm1f-0-0\"><span data-offset-key=\"emm1f-0-0\">\u00a0<\/span><\/div>\n<\/div>\n<div class=\"\" data-block=\"true\" data-editor=\"cmqvr\" data-offset-key=\"2m2tl-0-0\">\n<div class=\"_1mf _1mj\" data-offset-key=\"2m2tl-0-0\"><span data-offset-key=\"2m2tl-0-0\">Ao ler o t\u00edtulo da not\u00edcia j\u00e1 me espantei, j\u00e1 que possui car\u00e1ter sensacionalista e pouco informativo. Usar o plural da palavra professores, ao meu ver foi indevido, j\u00e1 que passa a ideia de que este descontentamento \u00e9 geral entre os professores do curso de Direito da institui\u00e7\u00e3o, o que me parece n\u00e3o ser o caso.<\/span><\/div>\n<\/div>\n<div class=\"\" data-block=\"true\" data-editor=\"cmqvr\" data-offset-key=\"3jbgm-0-0\">\n<div class=\"_1mf _1mj\" data-offset-key=\"3jbgm-0-0\"><span data-offset-key=\"3jbgm-0-0\">\u00a0<\/span><\/div>\n<\/div>\n<div class=\"\" data-block=\"true\" data-editor=\"cmqvr\" data-offset-key=\"8r70f-0-0\">\n<div class=\"_1mf _1mj\" data-offset-key=\"8r70f-0-0\"><span data-offset-key=\"8r70f-0-0\">Temos um grupo de whatsapp em que n\u00e3o foram apresentadas estas indigna\u00e7\u00f5es que a mensagem busca mostrar.<\/span><\/div>\n<\/div>\n<div class=\"\" data-block=\"true\" data-editor=\"cmqvr\" data-offset-key=\"48adh-0-0\">\n<div class=\"_1mf _1mj\" data-offset-key=\"48adh-0-0\"><span data-offset-key=\"48adh-0-0\">\u00a0<\/span><\/div>\n<\/div>\n<div class=\"\" data-block=\"true\" data-editor=\"cmqvr\" data-offset-key=\"bhdru-0-0\">\n<div class=\"_1mf _1mj\" data-offset-key=\"bhdru-0-0\"><span data-offset-key=\"bhdru-0-0\">Al\u00e9m disso, ao ler o conte\u00fado da not\u00edcia, algumas informa\u00e7\u00f5es ali precisam ser esclarecidas. O prazo de 12 dias para corrigir as avalia\u00e7\u00f5es era sim suficiente. Por mais que as provas tivessem pelo menos 5000 caracteres (o que n\u00e3o \u00e9 nenhum absurdo para uma prova do Curso de Direito), \u00e9 importante salientar que na semana de provas, os professores n\u00e3o tiveram que realizar atividades para a institui\u00e7\u00e3o (diferente do que afirmou a mat\u00e9ria), j\u00e1 que n\u00e3o havia aulas remotas e nem necessidade de aplica\u00e7\u00e3o das provas, o que ocorreria em uma semana de provas normal, caso as atividades fossem presenciais.<\/span><\/div>\n<\/div>\n<div class=\"\" data-block=\"true\" data-editor=\"cmqvr\" data-offset-key=\"843sg-0-0\">\n<div class=\"_1mf _1mj\" data-offset-key=\"843sg-0-0\"><span data-offset-key=\"843sg-0-0\">\u00a0<\/span><\/div>\n<\/div>\n<div class=\"\" data-block=\"true\" data-editor=\"cmqvr\" data-offset-key=\"4njgs-0-0\">\n<div class=\"_1mf _1mj\" data-offset-key=\"4njgs-0-0\"><span data-offset-key=\"4njgs-0-0\">\u00c9 claro que neste per\u00edodo de semana de provas, muitos professores aproveitaram para trabalhar, colocando em dia conte\u00fados atrasados ou gravando de forma antecipada as aulas que seriam ministradas na semana p\u00f3s provas.<\/span><\/div>\n<\/div>\n<div class=\"\" data-block=\"true\" data-editor=\"cmqvr\" data-offset-key=\"cfb0u-0-0\">\n<div class=\"_1mf _1mj\" data-offset-key=\"cfb0u-0-0\"><span data-offset-key=\"cfb0u-0-0\">\u00a0<\/span><\/div>\n<\/div>\n<div class=\"\" data-block=\"true\" data-editor=\"cmqvr\" data-offset-key=\"7aa51-0-0\">\n<div class=\"_1mf _1mj\" data-offset-key=\"7aa51-0-0\"><span data-offset-key=\"7aa51-0-0\">Ainda \u00e9 de se ressaltar que o prazo em quest\u00e3o foi at\u00e9 maior, j\u00e1 que alguns alunos entregaram as provas antes do prazo final, o que possibilitava que os professores j\u00e1 fossem adiantando a corre\u00e7\u00e3o. Destaque-se que tamb\u00e9m que na reuni\u00e3o do colegiado em que foi informado sobre o formato de provas, a coordena\u00e7\u00e3o orientou que os professores fossem corrigindo as provas na medida em que os envios ocorressem, para que n\u00e3o existisse um ac\u00famulo de servi\u00e7o.<\/span><\/div>\n<\/div>\n<div class=\"\" data-block=\"true\" data-editor=\"cmqvr\" data-offset-key=\"2ag2d-0-0\">\n<div class=\"_1mf _1mj\" data-offset-key=\"2ag2d-0-0\"><span data-offset-key=\"2ag2d-0-0\">\u00a0<\/span><\/div>\n<\/div>\n<div class=\"\" data-block=\"true\" data-editor=\"cmqvr\" data-offset-key=\"bs4lr-0-0\">\n<div class=\"_1mf _1mj\" data-offset-key=\"bs4lr-0-0\"><span data-offset-key=\"bs4lr-0-0\">Outro ponto que entendo relevante \u00e9 que a not\u00edcia afirma que os professores sofreram press\u00e3o por meio do grupo do whatsapp. Tal fato n\u00e3o \u00e9 verdade, ou eu desconhe\u00e7o por completo o conceito de press\u00e3o. A coordena\u00e7\u00e3o apenas nos informou dos prazos, o que acho razo\u00e1vel e at\u00e9 desej\u00e1vel. Se isso \u00e9 press\u00e3o, ent\u00e3o sou pressionado pelas prestadoras de servi\u00e7os (\u00e1gua, g\u00e1s, luz) que me informam a data de pagamento do boleto; sou pressionado pelos sistemas de processo eletr\u00f4nico que me avisam dos prazos que tenho que cumprir na condi\u00e7\u00e3o de advogado, etc.<\/span><\/div>\n<\/div>\n<div class=\"\" data-block=\"true\" data-editor=\"cmqvr\" data-offset-key=\"7jih5-0-0\">\n<div class=\"_1mf _1mj\" data-offset-key=\"7jih5-0-0\"><span data-offset-key=\"7jih5-0-0\">\u00a0<\/span><\/div>\n<\/div>\n<div class=\"\" data-block=\"true\" data-editor=\"cmqvr\" data-offset-key=\"d2vp2-0-0\">\n<div class=\"_1mf _1mj\" data-offset-key=\"d2vp2-0-0\"><span data-offset-key=\"d2vp2-0-0\">Ao meu ver, o momento em que vivemos \u00e9 dif\u00edcil e singular, mas a institui\u00e7\u00e3o vem tentando minimizar isso, explico.<\/span><\/div>\n<\/div>\n<div class=\"\" data-block=\"true\" data-editor=\"cmqvr\" data-offset-key=\"26f8n-0-0\">\n<div class=\"_1mf _1mj\" data-offset-key=\"26f8n-0-0\"><span data-offset-key=\"26f8n-0-0\">\u00a0<\/span><\/div>\n<\/div>\n<div class=\"\" data-block=\"true\" data-editor=\"cmqvr\" data-offset-key=\"5fa1h-0-0\">\n<div class=\"_1mf _1mj\" data-offset-key=\"5fa1h-0-0\"><span data-offset-key=\"5fa1h-0-0\">Grande parte das institui\u00e7\u00f5es est\u00e3o exigindo dos professores que as aulas sejam todas ao vivo, nos hor\u00e1rios previamente estabelecidos, fazendo com que professores tenham que repetir por v\u00e1rias e v\u00e1rias vezes o mesmo conte\u00fado para turmas diferentes (por meio virtual), o que implicaria certamente aumento de trabalho e a\u00ed sim possibilidade de exaust\u00e3o dos professores.<\/span><\/div>\n<\/div>\n<div class=\"\" data-block=\"true\" data-editor=\"cmqvr\" data-offset-key=\"f22n3-0-0\">\n<div class=\"_1mf _1mj\" data-offset-key=\"f22n3-0-0\"><span data-offset-key=\"f22n3-0-0\">\u00a0<\/span><\/div>\n<\/div>\n<div class=\"\" data-block=\"true\" data-editor=\"cmqvr\" data-offset-key=\"9bfgk-0-0\">\n<div class=\"_1mf _1mj\" data-offset-key=\"9bfgk-0-0\"><span data-offset-key=\"9bfgk-0-0\">Ainda, nas aulas ao vivo existem v\u00e1rios inconvenientes que n\u00e3o podem ser controlados pelos professores, como qualidade da conex\u00e3o de internet, sons e barulhos causados pelas pessoas que moram em suas casas, como por exemplo, filhos pequenos, al\u00e9m \u00e9 claro de afetar a rotina da casa (ex.: no meu caso tenho turmas em que as aulas encerram \u00e0s 22:30 horas em dois dias da semana. Se eu tivesse que ministrar aulas ao vivo, seguramente minha filha pequena \u2013 que deve dormir cedo \u2013 acordaria em raz\u00e3o do barulho da aula, j\u00e1 que o local em que tenho para trabalhar fica ao lado do quarto dela).<\/span><\/div>\n<\/div>\n<div class=\"\" data-block=\"true\" data-editor=\"cmqvr\" data-offset-key=\"cm3j9-0-0\">\n<div class=\"_1mf _1mj\" data-offset-key=\"cm3j9-0-0\"><span data-offset-key=\"cm3j9-0-0\">\u00a0<\/span><\/div>\n<\/div>\n<div class=\"\" data-block=\"true\" data-editor=\"cmqvr\" data-offset-key=\"1a6pi-0-0\">\n<div class=\"_1mf _1mj\" data-offset-key=\"1a6pi-0-0\"><span data-offset-key=\"1a6pi-0-0\">Por outro lado, a Universidade Positivo fez diferente. Possibilitou aos professores v\u00e1rias formas para ministrar as aulas, como por exemplo, aulas ao vivo ou aulas gravadas, ou seja, deu a possibilidade de que cada professor pudesse se adaptar ao novo modelo, que sim \u00e9 dif\u00edcil, mas necess\u00e1rio em tempos de pandemia. Esta liberdade ao meu ver \u00e9 primordial e foi sim respeitada pela Universidade Positivo, diferente do que ocorreu em outras institui\u00e7\u00f5es.<\/span><\/div>\n<\/div>\n<div class=\"\" data-block=\"true\" data-editor=\"cmqvr\" data-offset-key=\"2vfjf-0-0\">\n<div class=\"_1mf _1mj\" data-offset-key=\"2vfjf-0-0\"><span data-offset-key=\"2vfjf-0-0\">\u00a0<\/span><\/div>\n<\/div>\n<div class=\"\" data-block=\"true\" data-editor=\"cmqvr\" data-offset-key=\"8np3t-0-0\">\n<div class=\"_1mf _1mj\" data-offset-key=\"8np3t-0-0\"><span data-offset-key=\"8np3t-0-0\">Tamb\u00e9m ressalto que desde o in\u00edcio da pandemia a coordena\u00e7\u00e3o tem mantido amplo di\u00e1logo com os professores, colocando \u00e0 disposi\u00e7\u00e3o inclusive canais de aux\u00edlio psicol\u00f3gico e at\u00e9 t\u00e9cnico (Eu por exemplo, tive problemas em meu computador que foram resolvidos de forma remota pela equipe de TI da institui\u00e7\u00e3o).<\/span><\/div>\n<\/div>\n<div class=\"\" data-block=\"true\" data-editor=\"cmqvr\" data-offset-key=\"c2t0a-0-0\">\n<div class=\"_1mf _1mj\" data-offset-key=\"c2t0a-0-0\"><span data-offset-key=\"c2t0a-0-0\">\u00a0<\/span><\/div>\n<\/div>\n<div class=\"\" data-block=\"true\" data-editor=\"cmqvr\" data-offset-key=\"1tvgg-0-0\">\n<div class=\"_1mf _1mj\" data-offset-key=\"1tvgg-0-0\"><span data-offset-key=\"1tvgg-0-0\">Desta forma, penso que a rotina estressante n\u00e3o se deve \u00e0 postura da Universidade Positivo ou da coordena\u00e7\u00e3o do curso de Direito, mas sim do momento pelo qual passamos. Todos estamos mais estressados, tristes, angustiados e preocupados.<\/span><\/div>\n<\/div>\n<div class=\"\" data-block=\"true\" data-editor=\"cmqvr\" data-offset-key=\"1nfgn-0-0\">\n<div class=\"_1mf _1mj\" data-offset-key=\"1nfgn-0-0\"><span data-offset-key=\"1nfgn-0-0\">\u00a0<\/span><\/div>\n<\/div>\n<div class=\"\" data-block=\"true\" data-editor=\"cmqvr\" data-offset-key=\"5rho6-0-0\">\n<div class=\"_1mf _1mj\" data-offset-key=\"5rho6-0-0\"><span data-offset-key=\"5rho6-0-0\">Portanto, uma nota destas, com todo o respeito para quem pensa o contr\u00e1rio, n\u00e3o agrega nada, mas apenas inflama condutas equivocadas e cria um conflito, ao meu ver inexistente e completamente desnecess\u00e1rio neste momento.<\/span><\/div>\n<\/div>\n<div class=\"\" data-block=\"true\" data-editor=\"cmqvr\" data-offset-key=\"fksnn-0-0\">\n<div class=\"_1mf _1mj\" data-offset-key=\"fksnn-0-0\"><span data-offset-key=\"fksnn-0-0\">\u00a0<\/span><\/div>\n<\/div>\n<div class=\"\" data-block=\"true\" data-editor=\"cmqvr\" data-offset-key=\"45vbh-0-0\">\n<div class=\"_1mf _1mj\" data-offset-key=\"45vbh-0-0\"><span data-offset-key=\"45vbh-0-0\">Agrade\u00e7o pela oportunidade de enviar esta manifesta\u00e7\u00e3o e desde j\u00e1 espero que esta seja publicada como uma resposta \u00e0 not\u00edcia por mim mencionada&#8221;.<\/span><\/div>\n<\/div>\n<!-- AddThis Advanced Settings generic via filter on the_content --><!-- AddThis Share Buttons generic via filter on the_content -->","protected":false},"excerpt":{"rendered":"<p>N\u00e3o bastassem as mazelas trazidas por uma pandemia que j\u00e1 ceifou quase 30 mil vidas no Brasil, desde que o Coronav\u00edrus chegou ao pa\u00eds milh\u00f5es de trabalhadores t\u00eam sofrido, \u00e0 f\u00f3rceps, injustas redu\u00e7\u00f5es de sal\u00e1rio e severo aumento de carga hor\u00e1ria. O Sinpes tem acompanhado, desde o in\u00edcio da quarentena, injusti\u00e7as cometidas por algumas institui\u00e7\u00f5es [&hellip;]<!-- AddThis Advanced Settings generic via filter on wp_trim_excerpt --><!-- AddThis Share Buttons generic via filter on wp_trim_excerpt --><\/p>\n","protected":false},"author":3,"featured_media":3146,"comment_status":"closed","ping_status":"open","sticky":false,"template":"","format":"standard","meta":{"footnotes":""},"categories":[7,478,18,175],"tags":[456,511,512,510,465,470,198],"class_list":["post-3145","post","type-post","status-publish","format-standard","has-post-thumbnail","hentry","category-arquivo-de-noticias","category-coronavirus-e-direitos-dos-professores","category-destaque","category-positivo","tag-coronavirus","tag-excesso-de-trabalho","tag-ilegalidades","tag-pandemia-e-direitos","tag-quarentena","tag-teletrabalho","tag-universidade-positivo"],"_links":{"self":[{"href":"https:\/\/sinpes.org.br\/site\/wp-json\/wp\/v2\/posts\/3145","targetHints":{"allow":["GET"]}}],"collection":[{"href":"https:\/\/sinpes.org.br\/site\/wp-json\/wp\/v2\/posts"}],"about":[{"href":"https:\/\/sinpes.org.br\/site\/wp-json\/wp\/v2\/types\/post"}],"author":[{"embeddable":true,"href":"https:\/\/sinpes.org.br\/site\/wp-json\/wp\/v2\/users\/3"}],"replies":[{"embeddable":true,"href":"https:\/\/sinpes.org.br\/site\/wp-json\/wp\/v2\/comments?post=3145"}],"version-history":[{"count":2,"href":"https:\/\/sinpes.org.br\/site\/wp-json\/wp\/v2\/posts\/3145\/revisions"}],"predecessor-version":[{"id":3148,"href":"https:\/\/sinpes.org.br\/site\/wp-json\/wp\/v2\/posts\/3145\/revisions\/3148"}],"wp:featuredmedia":[{"embeddable":true,"href":"https:\/\/sinpes.org.br\/site\/wp-json\/wp\/v2\/media\/3146"}],"wp:attachment":[{"href":"https:\/\/sinpes.org.br\/site\/wp-json\/wp\/v2\/media?parent=3145"}],"wp:term":[{"taxonomy":"category","embeddable":true,"href":"https:\/\/sinpes.org.br\/site\/wp-json\/wp\/v2\/categories?post=3145"},{"taxonomy":"post_tag","embeddable":true,"href":"https:\/\/sinpes.org.br\/site\/wp-json\/wp\/v2\/tags?post=3145"}],"curies":[{"name":"wp","href":"https:\/\/api.w.org\/{rel}","templated":true}]}}