{"id":3087,"date":"2020-05-08T09:22:42","date_gmt":"2020-05-08T12:22:42","guid":{"rendered":"https:\/\/sinpes.org.br\/site\/?p=3087"},"modified":"2020-05-08T09:22:42","modified_gmt":"2020-05-08T12:22:42","slug":"instrucoes-para-os-professores-da-fae-qual-e-o-prazo-para-impugnar-calculos","status":"publish","type":"post","link":"https:\/\/sinpes.org.br\/site\/instrucoes-para-os-professores-da-fae-qual-e-o-prazo-para-impugnar-calculos\/","title":{"rendered":"Instru\u00e7\u00f5es para os professores da FAE &#8211; Qual \u00e9 o prazo para impugnar c\u00e1lculos?"},"content":{"rendered":"<p>S\u00e9rie de v\u00eddeos com objetivo de esclarecer d\u00favidas de professores e ex-professores da FAE sobre a\u00e7\u00e3o relativa aos valores do Adicional Noturno.<\/p>\n<p>Neste v\u00eddeo: Qual \u00e9 o prazo para impugnar c\u00e1lculos e inserir professores porventura n\u00e3o relacionados.<\/p>\n<div class=\"epyt-video-wrapper\"><iframe loading=\"lazy\"  style=\"display: block; margin: 0px auto;\"  id=\"_ytid_40974\"  width=\"480\" height=\"270\"  data-origwidth=\"480\" data-origheight=\"270\" src=\"https:\/\/www.youtube.com\/embed\/n70XE5EOZqA?enablejsapi=1&#038;list=UU6YGO27VsG2mNMhpD38DDPQ&#038;index=10&#038;autoplay=1&#038;cc_load_policy=0&#038;cc_lang_pref=&#038;iv_load_policy=1&#038;loop=0&#038;rel=1&#038;fs=1&#038;playsinline=0&#038;autohide=2&#038;theme=dark&#038;color=red&#038;controls=1&#038;disablekb=0&#038;\" class=\"__youtube_prefs__  epyt-is-override  no-lazyload\" title=\"YouTube player\"  allow=\"fullscreen; accelerometer; autoplay; clipboard-write; encrypted-media; gyroscope; picture-in-picture; web-share\" referrerpolicy=\"strict-origin-when-cross-origin\" allowfullscreen data-no-lazy=\"1\" data-skipgform_ajax_framebjll=\"\"><\/iframe><\/div>\n<!-- AddThis Advanced Settings generic via filter on the_content --><!-- AddThis Share Buttons generic via filter on the_content -->","protected":false},"excerpt":{"rendered":"<p>S\u00e9rie de v\u00eddeos com objetivo de esclarecer d\u00favidas de professores e ex-professores da FAE sobre a\u00e7\u00e3o relativa aos valores do Adicional Noturno. Neste v\u00eddeo: Qual \u00e9 o prazo para impugnar c\u00e1lculos e inserir professores porventura n\u00e3o relacionados.<!-- AddThis Advanced Settings generic via filter on wp_trim_excerpt --><!-- AddThis Share Buttons generic via filter on wp_trim_excerpt --><\/p>\n","protected":false},"author":3,"featured_media":0,"comment_status":"closed","ping_status":"open","sticky":false,"template":"","format":"standard","meta":{"footnotes":""},"categories":[479],"tags":[493,383,497,423,40,480],"class_list":["post-3087","post","type-post","status-publish","format-standard","hentry","category-videos","tag-adicional-noturno","tag-fae","tag-fae-curitiba","tag-processo","tag-recebimento","tag-videos"],"_links":{"self":[{"href":"https:\/\/sinpes.org.br\/site\/wp-json\/wp\/v2\/posts\/3087","targetHints":{"allow":["GET"]}}],"collection":[{"href":"https:\/\/sinpes.org.br\/site\/wp-json\/wp\/v2\/posts"}],"about":[{"href":"https:\/\/sinpes.org.br\/site\/wp-json\/wp\/v2\/types\/post"}],"author":[{"embeddable":true,"href":"https:\/\/sinpes.org.br\/site\/wp-json\/wp\/v2\/users\/3"}],"replies":[{"embeddable":true,"href":"https:\/\/sinpes.org.br\/site\/wp-json\/wp\/v2\/comments?post=3087"}],"version-history":[{"count":1,"href":"https:\/\/sinpes.org.br\/site\/wp-json\/wp\/v2\/posts\/3087\/revisions"}],"predecessor-version":[{"id":3088,"href":"https:\/\/sinpes.org.br\/site\/wp-json\/wp\/v2\/posts\/3087\/revisions\/3088"}],"wp:attachment":[{"href":"https:\/\/sinpes.org.br\/site\/wp-json\/wp\/v2\/media?parent=3087"}],"wp:term":[{"taxonomy":"category","embeddable":true,"href":"https:\/\/sinpes.org.br\/site\/wp-json\/wp\/v2\/categories?post=3087"},{"taxonomy":"post_tag","embeddable":true,"href":"https:\/\/sinpes.org.br\/site\/wp-json\/wp\/v2\/tags?post=3087"}],"curies":[{"name":"wp","href":"https:\/\/api.w.org\/{rel}","templated":true}]}}