{"id":3036,"date":"2020-04-17T13:58:50","date_gmt":"2020-04-17T16:58:50","guid":{"rendered":"https:\/\/sinpes.org.br\/site\/?p=3036"},"modified":"2020-05-07T15:51:03","modified_gmt":"2020-05-07T18:51:03","slug":"coronavirus-e-direitos-dos-professores-3","status":"publish","type":"post","link":"https:\/\/sinpes.org.br\/site\/coronavirus-e-direitos-dos-professores-3\/","title":{"rendered":"Coronav\u00edrus e Direitos dos Professores &#8211; V\u00eddeos"},"content":{"rendered":"<p>Compilado de v\u00eddeos sobre direitos dos professores diante da necessidade de teletrabalho frente \u00e0 pandemia do Coronav\u00edrus.<\/p>\n<p>Documentar gastos gerados pelo Teletrabalho (maior consumo de energia el\u00e9trica, por exemplo). Orienta\u00e7\u00f5es do presidente do Sinpes, Valdyr Perrini, aos professores que neste momento atuam no teletrabalho.<\/p>\n<div class=\"epyt-video-wrapper\"><iframe loading=\"lazy\"  style=\"display: block; margin: 0px auto;\"  id=\"_ytid_95158\"  width=\"480\" height=\"270\"  data-origwidth=\"480\" data-origheight=\"270\" src=\"https:\/\/www.youtube.com\/embed\/ks7AM--DyjE?enablejsapi=1&#038;autoplay=1&#038;cc_load_policy=0&#038;cc_lang_pref=&#038;iv_load_policy=1&#038;loop=0&#038;rel=1&#038;fs=1&#038;playsinline=0&#038;autohide=2&#038;theme=dark&#038;color=red&#038;controls=1&#038;disablekb=0&#038;\" class=\"__youtube_prefs__  epyt-is-override  no-lazyload\" title=\"YouTube player\"  allow=\"fullscreen; accelerometer; autoplay; clipboard-write; encrypted-media; gyroscope; picture-in-picture; web-share\" referrerpolicy=\"strict-origin-when-cross-origin\" allowfullscreen data-no-lazy=\"1\" data-skipgform_ajax_framebjll=\"\"><\/iframe><\/div>\n<!-- AddThis Advanced Settings generic via filter on the_content --><!-- AddThis Share Buttons generic via filter on the_content -->","protected":false},"excerpt":{"rendered":"<p>Compilado de v\u00eddeos sobre direitos dos professores diante da necessidade de teletrabalho frente \u00e0 pandemia do Coronav\u00edrus. Documentar gastos gerados pelo Teletrabalho (maior consumo de energia el\u00e9trica, por exemplo). Orienta\u00e7\u00f5es do presidente do Sinpes, Valdyr Perrini, aos professores que neste momento atuam no teletrabalho.<!-- AddThis Advanced Settings generic via filter on wp_trim_excerpt --><!-- AddThis Share Buttons generic via filter on wp_trim_excerpt --><\/p>\n","protected":false},"author":3,"featured_media":0,"comment_status":"closed","ping_status":"open","sticky":false,"template":"","format":"standard","meta":{"footnotes":""},"categories":[478],"tags":[456,281,360,471,470,480],"class_list":["post-3036","post","type-post","status-publish","format-standard","hentry","category-coronavirus-e-direitos-dos-professores","tag-coronavirus","tag-direitos-dos-professores","tag-ead","tag-home-office","tag-teletrabalho","tag-videos"],"_links":{"self":[{"href":"https:\/\/sinpes.org.br\/site\/wp-json\/wp\/v2\/posts\/3036","targetHints":{"allow":["GET"]}}],"collection":[{"href":"https:\/\/sinpes.org.br\/site\/wp-json\/wp\/v2\/posts"}],"about":[{"href":"https:\/\/sinpes.org.br\/site\/wp-json\/wp\/v2\/types\/post"}],"author":[{"embeddable":true,"href":"https:\/\/sinpes.org.br\/site\/wp-json\/wp\/v2\/users\/3"}],"replies":[{"embeddable":true,"href":"https:\/\/sinpes.org.br\/site\/wp-json\/wp\/v2\/comments?post=3036"}],"version-history":[{"count":2,"href":"https:\/\/sinpes.org.br\/site\/wp-json\/wp\/v2\/posts\/3036\/revisions"}],"predecessor-version":[{"id":3044,"href":"https:\/\/sinpes.org.br\/site\/wp-json\/wp\/v2\/posts\/3036\/revisions\/3044"}],"wp:attachment":[{"href":"https:\/\/sinpes.org.br\/site\/wp-json\/wp\/v2\/media?parent=3036"}],"wp:term":[{"taxonomy":"category","embeddable":true,"href":"https:\/\/sinpes.org.br\/site\/wp-json\/wp\/v2\/categories?post=3036"},{"taxonomy":"post_tag","embeddable":true,"href":"https:\/\/sinpes.org.br\/site\/wp-json\/wp\/v2\/tags?post=3036"}],"curies":[{"name":"wp","href":"https:\/\/api.w.org\/{rel}","templated":true}]}}