{"id":3028,"date":"2020-04-17T13:34:56","date_gmt":"2020-04-17T16:34:56","guid":{"rendered":"https:\/\/sinpes.org.br\/site\/?p=3028"},"modified":"2020-05-07T15:54:11","modified_gmt":"2020-05-07T18:54:11","slug":"coronavirus-e-os-direitos-dos-professores-videos","status":"publish","type":"post","link":"https:\/\/sinpes.org.br\/site\/coronavirus-e-os-direitos-dos-professores-videos\/","title":{"rendered":"Coronav\u00edrus e Direitos dos Professores &#8211; V\u00eddeos"},"content":{"rendered":"<p>Compilado de v\u00eddeos sobre direitos dos professores diante da necessidade de teletrabalho frente \u00e0 pandemia do Coronav\u00edrus.<\/p>\n<p>Teletrabalho Entenda o que \u00e9 coa\u00e7\u00e3o e les\u00e3o subjetiva em contratos de teletrabalho. No v\u00eddeo, o presidente do Sinpes tamb\u00e9m ressalta o of\u00edcio encaminhado pelo Sindicato \u00e0s Institui\u00e7\u00f5es de Ensino Superior e ao Sinepe sobre os termos aditivos nos contratos de trabalho neste momento de quarentena. Confira.<\/p>\n<div class=\"epyt-video-wrapper\"><iframe loading=\"lazy\"  style=\"display: block; margin: 0px auto;\"  id=\"_ytid_43633\"  width=\"480\" height=\"270\"  data-origwidth=\"480\" data-origheight=\"270\" src=\"https:\/\/www.youtube.com\/embed\/hou13tnGQMU?enablejsapi=1&#038;autoplay=1&#038;cc_load_policy=0&#038;cc_lang_pref=&#038;iv_load_policy=1&#038;loop=0&#038;rel=1&#038;fs=1&#038;playsinline=0&#038;autohide=2&#038;theme=dark&#038;color=red&#038;controls=1&#038;disablekb=0&#038;\" class=\"__youtube_prefs__  epyt-is-override  no-lazyload\" title=\"YouTube player\"  allow=\"fullscreen; accelerometer; autoplay; clipboard-write; encrypted-media; gyroscope; picture-in-picture; web-share\" referrerpolicy=\"strict-origin-when-cross-origin\" allowfullscreen data-no-lazy=\"1\" data-skipgform_ajax_framebjll=\"\"><\/iframe><\/div>\n<!-- AddThis Advanced Settings generic via filter on the_content --><!-- AddThis Share Buttons generic via filter on the_content -->","protected":false},"excerpt":{"rendered":"<p>Compilado de v\u00eddeos sobre direitos dos professores diante da necessidade de teletrabalho frente \u00e0 pandemia do Coronav\u00edrus. Teletrabalho Entenda o que \u00e9 coa\u00e7\u00e3o e les\u00e3o subjetiva em contratos de teletrabalho. No v\u00eddeo, o presidente do Sinpes tamb\u00e9m ressalta o of\u00edcio encaminhado pelo Sindicato \u00e0s Institui\u00e7\u00f5es de Ensino Superior e ao Sinepe sobre os termos aditivos [&hellip;]<!-- AddThis Advanced Settings generic via filter on wp_trim_excerpt --><!-- AddThis Share Buttons generic via filter on wp_trim_excerpt --><\/p>\n","protected":false},"author":3,"featured_media":0,"comment_status":"closed","ping_status":"open","sticky":false,"template":"","format":"standard","meta":{"footnotes":""},"categories":[478],"tags":[456,281,471,470,480],"class_list":["post-3028","post","type-post","status-publish","format-standard","hentry","category-coronavirus-e-direitos-dos-professores","tag-coronavirus","tag-direitos-dos-professores","tag-home-office","tag-teletrabalho","tag-videos"],"_links":{"self":[{"href":"https:\/\/sinpes.org.br\/site\/wp-json\/wp\/v2\/posts\/3028","targetHints":{"allow":["GET"]}}],"collection":[{"href":"https:\/\/sinpes.org.br\/site\/wp-json\/wp\/v2\/posts"}],"about":[{"href":"https:\/\/sinpes.org.br\/site\/wp-json\/wp\/v2\/types\/post"}],"author":[{"embeddable":true,"href":"https:\/\/sinpes.org.br\/site\/wp-json\/wp\/v2\/users\/3"}],"replies":[{"embeddable":true,"href":"https:\/\/sinpes.org.br\/site\/wp-json\/wp\/v2\/comments?post=3028"}],"version-history":[{"count":2,"href":"https:\/\/sinpes.org.br\/site\/wp-json\/wp\/v2\/posts\/3028\/revisions"}],"predecessor-version":[{"id":3047,"href":"https:\/\/sinpes.org.br\/site\/wp-json\/wp\/v2\/posts\/3028\/revisions\/3047"}],"wp:attachment":[{"href":"https:\/\/sinpes.org.br\/site\/wp-json\/wp\/v2\/media?parent=3028"}],"wp:term":[{"taxonomy":"category","embeddable":true,"href":"https:\/\/sinpes.org.br\/site\/wp-json\/wp\/v2\/categories?post=3028"},{"taxonomy":"post_tag","embeddable":true,"href":"https:\/\/sinpes.org.br\/site\/wp-json\/wp\/v2\/tags?post=3028"}],"curies":[{"name":"wp","href":"https:\/\/api.w.org\/{rel}","templated":true}]}}