{"id":3010,"date":"2020-04-13T14:29:05","date_gmt":"2020-04-13T17:29:05","guid":{"rendered":"https:\/\/sinpes.org.br\/site\/?p=3010"},"modified":"2020-05-08T09:09:36","modified_gmt":"2020-05-08T12:09:36","slug":"coronavirus-e-direitos-dos-professores-videos","status":"publish","type":"post","link":"https:\/\/sinpes.org.br\/site\/coronavirus-e-direitos-dos-professores-videos\/","title":{"rendered":"Coronav\u00edrus e Direitos dos Professores &#8211; V\u00eddeos"},"content":{"rendered":"<p>&nbsp;<\/p>\n<p>Compilado de v\u00eddeos sobre direitos dos professores diante da necessidade de teletrabalho frente \u00e0 pandemia do Coronav\u00edrus.<\/p>\n<div id=\"meta\" class=\"style-scope ytd-watch-flexy\">\n<div id=\"meta-contents\" class=\"style-scope ytd-watch-flexy\">\n<div id=\"container\" class=\"style-scope ytd-video-secondary-info-renderer\">\n<div id=\"content\" class=\"style-scope ytd-expander\">\n<div id=\"description\" class=\"style-scope ytd-video-secondary-info-renderer\">Mensagem do presidente do Sindicato dos Professores de Ensino Superior de Curitiba e Regi\u00e3o Metropolitana, Valdyr Perrini, sobre a atitude do Unibrasil de diminuir o sal\u00e1rio de seus professores. Confira as provid\u00eancias que est\u00e3o sendo tomadas pelo sindicato diante desse corte salarial.<\/div>\n<\/div>\n<div id=\"always-shown\" class=\"style-scope ytd-metadata-row-container-renderer\"><\/div>\n<\/div>\n<\/div>\n<\/div>\n<p>&nbsp;<\/p>\n<div class=\"epyt-video-wrapper\"><iframe loading=\"lazy\"  style=\"display: block; margin: 0px auto;\"  id=\"_ytid_10908\"  width=\"480\" height=\"270\"  data-origwidth=\"480\" data-origheight=\"270\" src=\"https:\/\/www.youtube.com\/embed\/rFHjVBQPKsw?enablejsapi=1&#038;autoplay=1&#038;cc_load_policy=0&#038;cc_lang_pref=&#038;iv_load_policy=1&#038;loop=0&#038;rel=1&#038;fs=1&#038;playsinline=0&#038;autohide=2&#038;theme=dark&#038;color=red&#038;controls=1&#038;disablekb=0&#038;\" class=\"__youtube_prefs__  epyt-is-override  no-lazyload\" title=\"YouTube player\"  allow=\"fullscreen; accelerometer; autoplay; clipboard-write; encrypted-media; gyroscope; picture-in-picture; web-share\" referrerpolicy=\"strict-origin-when-cross-origin\" allowfullscreen data-no-lazy=\"1\" data-skipgform_ajax_framebjll=\"\"><\/iframe><\/div>\n<div id=\"meta\" class=\"style-scope ytd-watch-flexy\">\n<div id=\"meta-contents\" class=\"style-scope ytd-watch-flexy\">\n<div id=\"container\" class=\"style-scope ytd-video-secondary-info-renderer\">\n<div id=\"content\" class=\"style-scope ytd-expander\">\n<div id=\"description\" class=\"style-scope ytd-video-secondary-info-renderer\"><\/div>\n<\/div>\n<\/div>\n<\/div>\n<\/div>\n<div><\/div>\n<div id=\"merch-shelf\" class=\"style-scope ytd-watch-flexy\"><\/div>\n<div id=\"header\" class=\"style-scope ytd-item-section-renderer\">\n<div id=\"title\" class=\"style-scope ytd-comments-header-renderer\"><\/div>\n<\/div>\n<!-- AddThis Advanced Settings generic via filter on the_content --><!-- AddThis Share Buttons generic via filter on the_content -->","protected":false},"excerpt":{"rendered":"<p>&nbsp; Compilado de v\u00eddeos sobre direitos dos professores diante da necessidade de teletrabalho frente \u00e0 pandemia do Coronav\u00edrus. Mensagem do presidente do Sindicato dos Professores de Ensino Superior de Curitiba e Regi\u00e3o Metropolitana, Valdyr Perrini, sobre a atitude do Unibrasil de diminuir o sal\u00e1rio de seus professores. Confira as provid\u00eancias que est\u00e3o sendo tomadas pelo [&hellip;]<!-- AddThis Advanced Settings generic via filter on wp_trim_excerpt --><!-- AddThis Share Buttons generic via filter on wp_trim_excerpt --><\/p>\n","protected":false},"author":3,"featured_media":0,"comment_status":"closed","ping_status":"open","sticky":false,"template":"","format":"standard","meta":{"footnotes":""},"categories":[478],"tags":[456,462,372,281,360,471,472,470],"class_list":["post-3010","post","type-post","status-publish","format-standard","hentry","category-coronavirus-e-direitos-dos-professores","tag-coronavirus","tag-covid-19","tag-direitos","tag-direitos-dos-professores","tag-ead","tag-home-office","tag-pandemia","tag-teletrabalho"],"_links":{"self":[{"href":"https:\/\/sinpes.org.br\/site\/wp-json\/wp\/v2\/posts\/3010","targetHints":{"allow":["GET"]}}],"collection":[{"href":"https:\/\/sinpes.org.br\/site\/wp-json\/wp\/v2\/posts"}],"about":[{"href":"https:\/\/sinpes.org.br\/site\/wp-json\/wp\/v2\/types\/post"}],"author":[{"embeddable":true,"href":"https:\/\/sinpes.org.br\/site\/wp-json\/wp\/v2\/users\/3"}],"replies":[{"embeddable":true,"href":"https:\/\/sinpes.org.br\/site\/wp-json\/wp\/v2\/comments?post=3010"}],"version-history":[{"count":3,"href":"https:\/\/sinpes.org.br\/site\/wp-json\/wp\/v2\/posts\/3010\/revisions"}],"predecessor-version":[{"id":3013,"href":"https:\/\/sinpes.org.br\/site\/wp-json\/wp\/v2\/posts\/3010\/revisions\/3013"}],"wp:attachment":[{"href":"https:\/\/sinpes.org.br\/site\/wp-json\/wp\/v2\/media?parent=3010"}],"wp:term":[{"taxonomy":"category","embeddable":true,"href":"https:\/\/sinpes.org.br\/site\/wp-json\/wp\/v2\/categories?post=3010"},{"taxonomy":"post_tag","embeddable":true,"href":"https:\/\/sinpes.org.br\/site\/wp-json\/wp\/v2\/tags?post=3010"}],"curies":[{"name":"wp","href":"https:\/\/api.w.org\/{rel}","templated":true}]}}