{"id":2984,"date":"2020-03-25T15:39:57","date_gmt":"2020-03-25T18:39:57","guid":{"rendered":"https:\/\/sinpes.org.br\/site\/?p=2984"},"modified":"2020-04-13T10:50:30","modified_gmt":"2020-04-13T13:50:30","slug":"questionado-pelo-sinpes-reitor-do-uninter-garante-que-nao-ha-professores-gravando-aulas-em-estudios","status":"publish","type":"post","link":"https:\/\/sinpes.org.br\/site\/questionado-pelo-sinpes-reitor-do-uninter-garante-que-nao-ha-professores-gravando-aulas-em-estudios\/","title":{"rendered":"Questionado pelo Sinpes, Reitor do Uninter garante que n\u00e3o h\u00e1 professores gravando aulas em est\u00fadios"},"content":{"rendered":"<p><a href=\"https:\/\/sinpes.org.br\/site\/wp-content\/uploads\/2020\/03\/uninter.jpg\"><img loading=\"lazy\" decoding=\"async\" class=\"aligncenter wp-image-2985\" src=\"https:\/\/sinpes.org.br\/site\/wp-content\/uploads\/2020\/03\/uninter.jpg\" alt=\"\" width=\"410\" height=\"231\" srcset=\"https:\/\/sinpes.org.br\/site\/wp-content\/uploads\/2020\/03\/uninter.jpg 660w, https:\/\/sinpes.org.br\/site\/wp-content\/uploads\/2020\/03\/uninter-300x169.jpg 300w\" sizes=\"auto, (max-width: 410px) 100vw, 410px\" \/><\/a><\/p>\n<p>O Sinpes recebeu, no in\u00edcio desta semana, den\u00fancia de um docente do Uninter que relatava preocupa\u00e7\u00e3o com os professores que trabalham, neste momento de quarentena, na modalidade EAD. Segundo o denunciante, os professores que fazem aulas ao vivo continuariam ministrando em est\u00fadio, tendo contato com in\u00fameras pessoas. Embora n\u00e3o haja aglomera\u00e7\u00e3o, destaca a den\u00fancia, o est\u00fadio \u00e9 um ambiente confinado. Al\u00e9m disso, a manuten\u00e7\u00e3o do est\u00fadio aberto contraria o decreto estadual 4317, que destaca que apenas atividades essenciais devem continuar em funcionamento. Estariam ocorrendo atividades de est\u00fadio no campus 13 de Maio e no Est\u00fadio das Arauc\u00e1rias em que professores sem registros nas suas CTPS estariam sendo obrigados a trabalhar.<\/p>\n<p>O Sinpes entrou em contato com o Uninter e, por meio de entrevista telef\u00f4nica, o reitor da institui\u00e7\u00e3o, Bem Hur Gaio, ressaltou que nenhum professor do Uninter hoje precisa ir aos est\u00fadios para gravar ou transmitir aulas. Segundo Gaio, desde o dia 16 de mar\u00e7o todos os docentes da institui\u00e7\u00e3o trabalham em regime home office, ou seja, lecionam por meio de teletrabalho. O reitor enfatizou tamb\u00e9m que o n\u00famero de profissionais que trabalham nos est\u00fadios foi consideravelmente reduzido, ficando apenas aqueles que s\u00e3o indispens\u00e1veis para a produ\u00e7\u00e3o e transmiss\u00e3o do conte\u00fado online.<\/p>\n<p>O Sinpes ressalta que, nestes tempos nos quais o isolamento social se faz extremamente necess\u00e1rio para evitar a dissemina\u00e7\u00e3o do cont\u00e1gio pelo Covid-19, a realiza\u00e7\u00e3o das atividades educacionais de forma remota, utilizando ambiente virtual, deve respeitar todos os direitos dos empregados.<\/p>\n<!-- AddThis Advanced Settings generic via filter on the_content --><!-- AddThis Share Buttons generic via filter on the_content -->","protected":false},"excerpt":{"rendered":"<p>O Sinpes recebeu, no in\u00edcio desta semana, den\u00fancia de um docente do Uninter que relatava preocupa\u00e7\u00e3o com os professores que trabalham, neste momento de quarentena, na modalidade EAD. Segundo o denunciante, os professores que fazem aulas ao vivo continuariam ministrando em est\u00fadio, tendo contato com in\u00fameras pessoas. Embora n\u00e3o haja aglomera\u00e7\u00e3o, destaca a den\u00fancia, o [&hellip;]<!-- AddThis Advanced Settings generic via filter on wp_trim_excerpt --><!-- AddThis Share Buttons generic via filter on wp_trim_excerpt --><\/p>\n","protected":false},"author":3,"featured_media":2985,"comment_status":"closed","ping_status":"open","sticky":false,"template":"","format":"standard","meta":{"footnotes":""},"categories":[7,478,18],"tags":[456,462,360,471,465,470,469],"class_list":["post-2984","post","type-post","status-publish","format-standard","has-post-thumbnail","hentry","category-arquivo-de-noticias","category-coronavirus-e-direitos-dos-professores","category-destaque","tag-coronavirus","tag-covid-19","tag-ead","tag-home-office","tag-quarentena","tag-teletrabalho","tag-uninter"],"_links":{"self":[{"href":"https:\/\/sinpes.org.br\/site\/wp-json\/wp\/v2\/posts\/2984","targetHints":{"allow":["GET"]}}],"collection":[{"href":"https:\/\/sinpes.org.br\/site\/wp-json\/wp\/v2\/posts"}],"about":[{"href":"https:\/\/sinpes.org.br\/site\/wp-json\/wp\/v2\/types\/post"}],"author":[{"embeddable":true,"href":"https:\/\/sinpes.org.br\/site\/wp-json\/wp\/v2\/users\/3"}],"replies":[{"embeddable":true,"href":"https:\/\/sinpes.org.br\/site\/wp-json\/wp\/v2\/comments?post=2984"}],"version-history":[{"count":1,"href":"https:\/\/sinpes.org.br\/site\/wp-json\/wp\/v2\/posts\/2984\/revisions"}],"predecessor-version":[{"id":2986,"href":"https:\/\/sinpes.org.br\/site\/wp-json\/wp\/v2\/posts\/2984\/revisions\/2986"}],"wp:featuredmedia":[{"embeddable":true,"href":"https:\/\/sinpes.org.br\/site\/wp-json\/wp\/v2\/media\/2985"}],"wp:attachment":[{"href":"https:\/\/sinpes.org.br\/site\/wp-json\/wp\/v2\/media?parent=2984"}],"wp:term":[{"taxonomy":"category","embeddable":true,"href":"https:\/\/sinpes.org.br\/site\/wp-json\/wp\/v2\/categories?post=2984"},{"taxonomy":"post_tag","embeddable":true,"href":"https:\/\/sinpes.org.br\/site\/wp-json\/wp\/v2\/tags?post=2984"}],"curies":[{"name":"wp","href":"https:\/\/api.w.org\/{rel}","templated":true}]}}