{"id":2982,"date":"2020-03-24T15:10:50","date_gmt":"2020-03-24T18:10:50","guid":{"rendered":"https:\/\/sinpes.org.br\/site\/?p=2982"},"modified":"2020-04-13T10:50:54","modified_gmt":"2020-04-13T13:50:54","slug":"professores-da-unicesumar-denunciam-atitude-negligente-da-instituicao-que-coloca-seus-trabalhadores-em-risco-de-contagio","status":"publish","type":"post","link":"https:\/\/sinpes.org.br\/site\/professores-da-unicesumar-denunciam-atitude-negligente-da-instituicao-que-coloca-seus-trabalhadores-em-risco-de-contagio\/","title":{"rendered":"Professores da Unicesumar denunciam atitude negligente da institui\u00e7\u00e3o que coloca seus trabalhadores em risco de cont\u00e1gio"},"content":{"rendered":"<p>O Sinpes recebeu den\u00fancia de que trabalhadores da Unicesumar, entre eles professores da modalidade EAD, estariam ainda trabalhando de maneira presencial. Estes profissionais seriam obrigados pela institui\u00e7\u00e3o a trabalhar no Bloco 4 da unidade de Curitiba, fato que j\u00e1 causa desespero entre os docentes. Segundo a den\u00fancia, que circula de maneira intensa tamb\u00e9m nas redes sociais, mais de 100 empregados trabalham juntos, em contato direto uns com os outros.<\/p>\n<p>A atitude da Unicesumar vai contra as recomenda\u00e7\u00f5es da Organiza\u00e7\u00e3o Mundial de Sa\u00fade (OMS), contra o decreto 4317\/20 do Governo do Estado do Paran\u00e1, assinado no dia 21\/03, que estabelece que deve ser considerada &#8220;a suspens\u00e3o dos servi\u00e7os e atividades n\u00e3o essenciais e que n\u00e3o atendam \u00e0s necessidades inadi\u00e1veis da popula\u00e7\u00e3o&#8221; e contraria tamb\u00e9m o decreto da Prefeitura Municipal de Curitiba.<\/p>\n<p>Ao manter seus empregados trabalhando de maneira presencial, a Unicesumar tamb\u00e9m age contra as orienta\u00e7\u00f5es do Sinpes que destaca que no complexo momento pelo qual passamos, se evidencia ainda mais a import\u00e2ncia dos direitos sociais, do autocuidado e do cuidado coletivo, demandando solidariedade refor\u00e7ada de todos os atores sociais. Tal momento, como ressalta o sindicato, exige tamb\u00e9m, aten\u00e7\u00e3o redobrada com a sa\u00fade e os direitos dos trabalhadores.<\/p>\n<p>O Sindicato refor\u00e7a ainda, por meio de of\u00edcio encaminhado \u00e0s institui\u00e7\u00f5es de ensino superior privado de Curitiba e Regi\u00e3o Metropolitana, que de forma alguma o atual estado de coisas pode impactar negativamente os direitos dos professores. Ao contr\u00e1rio, o momento exige colocar a sa\u00fade, inclusive psicol\u00f3gica, dos empregados e da sociedade acima dos interesses da empresa.<\/p>\n<p>O Sinpes entrou em contato com a assessoria de imprensa da Unicesumar pedindo uma posi\u00e7\u00e3o da institui\u00e7\u00e3o sobre essa den\u00fancia, no entanto, at\u00e9 a publica\u00e7\u00e3o desta mat\u00e9ria n\u00e3o hav\u00edamos recebido resposta.<\/p>\n<!-- AddThis Advanced Settings generic via filter on the_content --><!-- AddThis Share Buttons generic via filter on the_content -->","protected":false},"excerpt":{"rendered":"<p>O Sinpes recebeu den\u00fancia de que trabalhadores da Unicesumar, entre eles professores da modalidade EAD, estariam ainda trabalhando de maneira presencial. Estes profissionais seriam obrigados pela institui\u00e7\u00e3o a trabalhar no Bloco 4 da unidade de Curitiba, fato que j\u00e1 causa desespero entre os docentes. Segundo a den\u00fancia, que circula de maneira intensa tamb\u00e9m nas redes [&hellip;]<!-- AddThis Advanced Settings generic via filter on wp_trim_excerpt --><!-- AddThis Share Buttons generic via filter on wp_trim_excerpt --><\/p>\n","protected":false},"author":3,"featured_media":0,"comment_status":"closed","ping_status":"open","sticky":false,"template":"","format":"standard","meta":{"footnotes":""},"categories":[7,478,18],"tags":[456,462,360,22,465,468],"class_list":["post-2982","post","type-post","status-publish","format-standard","hentry","category-arquivo-de-noticias","category-coronavirus-e-direitos-dos-professores","category-destaque","tag-coronavirus","tag-covid-19","tag-ead","tag-professores","tag-quarentena","tag-unicesumar"],"_links":{"self":[{"href":"https:\/\/sinpes.org.br\/site\/wp-json\/wp\/v2\/posts\/2982","targetHints":{"allow":["GET"]}}],"collection":[{"href":"https:\/\/sinpes.org.br\/site\/wp-json\/wp\/v2\/posts"}],"about":[{"href":"https:\/\/sinpes.org.br\/site\/wp-json\/wp\/v2\/types\/post"}],"author":[{"embeddable":true,"href":"https:\/\/sinpes.org.br\/site\/wp-json\/wp\/v2\/users\/3"}],"replies":[{"embeddable":true,"href":"https:\/\/sinpes.org.br\/site\/wp-json\/wp\/v2\/comments?post=2982"}],"version-history":[{"count":1,"href":"https:\/\/sinpes.org.br\/site\/wp-json\/wp\/v2\/posts\/2982\/revisions"}],"predecessor-version":[{"id":2983,"href":"https:\/\/sinpes.org.br\/site\/wp-json\/wp\/v2\/posts\/2982\/revisions\/2983"}],"wp:attachment":[{"href":"https:\/\/sinpes.org.br\/site\/wp-json\/wp\/v2\/media?parent=2982"}],"wp:term":[{"taxonomy":"category","embeddable":true,"href":"https:\/\/sinpes.org.br\/site\/wp-json\/wp\/v2\/categories?post=2982"},{"taxonomy":"post_tag","embeddable":true,"href":"https:\/\/sinpes.org.br\/site\/wp-json\/wp\/v2\/tags?post=2982"}],"curies":[{"name":"wp","href":"https:\/\/api.w.org\/{rel}","templated":true}]}}