{"id":2977,"date":"2020-03-24T08:28:32","date_gmt":"2020-03-24T11:28:32","guid":{"rendered":"https:\/\/sinpes.org.br\/site\/?p=2977"},"modified":"2020-03-24T08:28:32","modified_gmt":"2020-03-24T11:28:32","slug":"positivo-demite-coordenadores-em-plena-quarentena-e-estudantes-fazem-campanha-para-reverter-demissoes","status":"publish","type":"post","link":"https:\/\/sinpes.org.br\/site\/positivo-demite-coordenadores-em-plena-quarentena-e-estudantes-fazem-campanha-para-reverter-demissoes\/","title":{"rendered":"Positivo demite coordenadores em plena quarentena e estudantes fazem campanha para reverter demiss\u00f5es"},"content":{"rendered":"<p><a href=\"https:\/\/sinpes.org.br\/site\/wp-content\/uploads\/2020\/03\/Campanha-Positivo.jpg\"><img loading=\"lazy\" decoding=\"async\" class=\"aligncenter  wp-image-2978\" src=\"https:\/\/sinpes.org.br\/site\/wp-content\/uploads\/2020\/03\/Campanha-Positivo-1024x512.jpg\" alt=\"\" width=\"595\" height=\"298\" srcset=\"https:\/\/sinpes.org.br\/site\/wp-content\/uploads\/2020\/03\/Campanha-Positivo-1024x512.jpg 1024w, https:\/\/sinpes.org.br\/site\/wp-content\/uploads\/2020\/03\/Campanha-Positivo-300x150.jpg 300w, https:\/\/sinpes.org.br\/site\/wp-content\/uploads\/2020\/03\/Campanha-Positivo-768x384.jpg 768w, https:\/\/sinpes.org.br\/site\/wp-content\/uploads\/2020\/03\/Campanha-Positivo.jpg 1269w\" sizes=\"auto, (max-width: 595px) 100vw, 595px\" \/><\/a><\/p>\n<div class=\"\" data-block=\"true\" data-editor=\"23l0r\" data-offset-key=\"1d0dt-0-0\">\n<div class=\"_1mf _1mj\" data-offset-key=\"1d0dt-0-0\"><span data-offset-key=\"1d0dt-0-0\">Alunos da Universidade Positivo fazem uma campanha online para que a coordenadora de Biomedicina Camila Nunes de Morais Ribeiro, juntamente com outros tr\u00eas coordenadores de outros cursos, demitidos pela Universidade em pleno afastamento promovido pelo Coronav\u00edrus, sejam readmitidos pela institui\u00e7\u00e3o. A peti\u00e7\u00e3o conta com milhares de assinaturas e \u00e9 uma iniciativa dos pr\u00f3prios estudantes. <\/span><\/div>\n<\/div>\n<div class=\"\" data-block=\"true\" data-editor=\"23l0r\" data-offset-key=\"5iuet-0-0\">\n<div class=\"_1mf _1mj\" data-offset-key=\"5iuet-0-0\"><span data-offset-key=\"5iuet-0-0\">\u00a0<\/span><\/div>\n<\/div>\n<div class=\"\" data-block=\"true\" data-editor=\"23l0r\" data-offset-key=\"64gti-0-0\">\n<div class=\"_1mf _1mj\" data-offset-key=\"64gti-0-0\"><span data-offset-key=\"64gti-0-0\">Na campanha, os estudantes destacam que o curso que estava abandonado e quase fechando as portas at\u00e9 2017, em menos de dois anos, sob a lideran\u00e7a de Camila Nunes, alcan\u00e7ou o 1\u00ba lugar nas avalia\u00e7\u00f5es CPA e AINFRA e se tornou refer\u00eancia nacional. <\/span><\/div>\n<\/div>\n<div class=\"\" data-block=\"true\" data-editor=\"23l0r\" data-offset-key=\"7pmni-0-0\">\n<div class=\"_1mf _1mj\" data-offset-key=\"7pmni-0-0\"><span data-offset-key=\"7pmni-0-0\">\u00a0<\/span><\/div>\n<\/div>\n<div class=\"\" data-block=\"true\" data-editor=\"23l0r\" data-offset-key=\"ft9lj-0-0\">\n<div class=\"_1mf _1mj\" data-offset-key=\"ft9lj-0-0\"><span data-offset-key=\"ft9lj-0-0\">Na campanha, os estudantes tamb\u00e9m questionam \u201cA recompensa por todas essas conquistas? Uma s\u00fabita demiss\u00e3o no dia 18 de mar\u00e7o de 2020\u201d. Para eles, a atitude da UP \u00e9 comprovadamente um ato injusto, inconsequente e ego\u00edsta, completamente contr\u00e1rio a vontade dos alunos. <\/span><\/div>\n<\/div>\n<div class=\"\" data-block=\"true\" data-editor=\"23l0r\" data-offset-key=\"2j5hr-0-0\">\n<div class=\"_1mf _1mj\" data-offset-key=\"2j5hr-0-0\"><span data-offset-key=\"2j5hr-0-0\">Os alunos da Positivo tamb\u00e9m destacam que o grupo Cruzeiro do Sul, que comprou a universidade em dezembro de 2019, sabendo que este ato causaria indigna\u00e7\u00e3o entre estudantes e professores, covardemente se aproveitou do recesso acad\u00eamico devido a pandemia Covid-19 para fazer sua primeira leva de demiss\u00f5es em massa, sistematicamente, sabendo que n\u00e3o haveria manifesta\u00e7\u00f5es por conta da proibi\u00e7\u00e3o de aglomera\u00e7\u00f5es. \u201cN\u00e3o poderia ter dado um golpe mais baixo\u201d, enfatizam os estudantes. <\/span><\/div>\n<\/div>\n<div class=\"\" data-block=\"true\" data-editor=\"23l0r\" data-offset-key=\"c3kdn-0-0\">\n<div class=\"_1mf _1mj\" data-offset-key=\"c3kdn-0-0\"><span data-offset-key=\"c3kdn-0-0\">\u00a0<\/span><\/div>\n<\/div>\n<div class=\"\" data-block=\"true\" data-editor=\"23l0r\" data-offset-key=\"a0con-0-0\">\n<div class=\"_1mf _1mj\" data-offset-key=\"a0con-0-0\"><span data-offset-key=\"a0con-0-0\">Questionada pelo Sinpes a assessoria de imprensa da Universidade Positivo Encaminhou a seguinte nota:<\/span><\/div>\n<\/div>\n<div class=\"\" data-block=\"true\" data-editor=\"23l0r\" data-offset-key=\"do2sp-0-0\">\n<div class=\"_1mf _1mj\" data-offset-key=\"do2sp-0-0\"><span data-offset-key=\"do2sp-0-0\">\u00a0<\/span><\/div>\n<\/div>\n<div class=\"\" data-block=\"true\" data-editor=\"23l0r\" data-offset-key=\"4faat-0-0\">\n<div class=\"_1mf _1mj\" data-offset-key=\"4faat-0-0\"><span data-offset-key=\"4faat-0-0\">&#8220;A Universidade Positivo confirma que houve recentes demiss\u00f5es de docentes, assim como contrata\u00e7\u00f5es \u2013 e que isso faz parte de um movimento acad\u00eamico natural, baseado na adapta\u00e7\u00e3o a novas disciplinas, novos cursos e diferentes demandas dos estudantes e do mercado. A institui\u00e7\u00e3o refor\u00e7a que valoriza os profissionais que j\u00e1 fizeram ou ainda fazem parte de seu corpo docente, pois eles s\u00e3o essenciais para cumprir o objetivo de oferecer uma educa\u00e7\u00e3o de excel\u00eancia para os estudantes matriculados em cerca de 250 cursos de Gradua\u00e7\u00e3o, P\u00f3s-Gradua\u00e7\u00e3o, Mestrado e Doutorado&#8221;.<\/span><\/div>\n<\/div>\n<div class=\"\" data-block=\"true\" data-editor=\"23l0r\" data-offset-key=\"1f4hd-0-0\"><\/div>\n<div data-block=\"true\" data-editor=\"23l0r\" data-offset-key=\"1f4hd-0-0\">Confira a campanha criada pelos estudantes:\u00a0<a href=\"https:\/\/www.voltacamila.com.br\/\">https:\/\/www.voltacamila.com.br\/<\/a><\/div>\n<!-- AddThis Advanced Settings generic via filter on the_content --><!-- AddThis Share Buttons generic via filter on the_content -->","protected":false},"excerpt":{"rendered":"<p>Alunos da Universidade Positivo fazem uma campanha online para que a coordenadora de Biomedicina Camila Nunes de Morais Ribeiro, juntamente com outros tr\u00eas coordenadores de outros cursos, demitidos pela Universidade em pleno afastamento promovido pelo Coronav\u00edrus, sejam readmitidos pela institui\u00e7\u00e3o. A peti\u00e7\u00e3o conta com milhares de assinaturas e \u00e9 uma iniciativa dos pr\u00f3prios estudantes. \u00a0 [&hellip;]<!-- AddThis Advanced Settings generic via filter on wp_trim_excerpt --><!-- AddThis Share Buttons generic via filter on wp_trim_excerpt --><\/p>\n","protected":false},"author":3,"featured_media":2978,"comment_status":"closed","ping_status":"open","sticky":false,"template":"","format":"standard","meta":{"footnotes":""},"categories":[7,18,175],"tags":[422,464,447,366,22,465,198],"class_list":["post-2977","post","type-post","status-publish","format-standard","has-post-thumbnail","hentry","category-arquivo-de-noticias","category-destaque","category-positivo","tag-alunos","tag-campanha","tag-coordenadores","tag-demissoes","tag-professores","tag-quarentena","tag-universidade-positivo"],"_links":{"self":[{"href":"https:\/\/sinpes.org.br\/site\/wp-json\/wp\/v2\/posts\/2977","targetHints":{"allow":["GET"]}}],"collection":[{"href":"https:\/\/sinpes.org.br\/site\/wp-json\/wp\/v2\/posts"}],"about":[{"href":"https:\/\/sinpes.org.br\/site\/wp-json\/wp\/v2\/types\/post"}],"author":[{"embeddable":true,"href":"https:\/\/sinpes.org.br\/site\/wp-json\/wp\/v2\/users\/3"}],"replies":[{"embeddable":true,"href":"https:\/\/sinpes.org.br\/site\/wp-json\/wp\/v2\/comments?post=2977"}],"version-history":[{"count":1,"href":"https:\/\/sinpes.org.br\/site\/wp-json\/wp\/v2\/posts\/2977\/revisions"}],"predecessor-version":[{"id":2979,"href":"https:\/\/sinpes.org.br\/site\/wp-json\/wp\/v2\/posts\/2977\/revisions\/2979"}],"wp:featuredmedia":[{"embeddable":true,"href":"https:\/\/sinpes.org.br\/site\/wp-json\/wp\/v2\/media\/2978"}],"wp:attachment":[{"href":"https:\/\/sinpes.org.br\/site\/wp-json\/wp\/v2\/media?parent=2977"}],"wp:term":[{"taxonomy":"category","embeddable":true,"href":"https:\/\/sinpes.org.br\/site\/wp-json\/wp\/v2\/categories?post=2977"},{"taxonomy":"post_tag","embeddable":true,"href":"https:\/\/sinpes.org.br\/site\/wp-json\/wp\/v2\/tags?post=2977"}],"curies":[{"name":"wp","href":"https:\/\/api.w.org\/{rel}","templated":true}]}}