{"id":2968,"date":"2020-03-18T16:33:46","date_gmt":"2020-03-18T19:33:46","guid":{"rendered":"https:\/\/sinpes.org.br\/site\/?p=2968"},"modified":"2020-03-18T16:34:12","modified_gmt":"2020-03-18T19:34:12","slug":"comunicado","status":"publish","type":"post","link":"https:\/\/sinpes.org.br\/site\/comunicado\/","title":{"rendered":"Comunicado"},"content":{"rendered":"<p><a href=\"https:\/\/sinpes.org.br\/site\/wp-content\/uploads\/2020\/03\/Coronav\u00edrus.jpg\"><img loading=\"lazy\" decoding=\"async\" class=\"aligncenter  wp-image-2969\" src=\"https:\/\/sinpes.org.br\/site\/wp-content\/uploads\/2020\/03\/Coronav\u00edrus.jpg\" alt=\"\" width=\"393\" height=\"330\" srcset=\"https:\/\/sinpes.org.br\/site\/wp-content\/uploads\/2020\/03\/Coronav\u00edrus.jpg 940w, https:\/\/sinpes.org.br\/site\/wp-content\/uploads\/2020\/03\/Coronav\u00edrus-300x251.jpg 300w, https:\/\/sinpes.org.br\/site\/wp-content\/uploads\/2020\/03\/Coronav\u00edrus-768x644.jpg 768w\" sizes=\"auto, (max-width: 393px) 100vw, 393px\" \/><\/a><\/p>\n<p>Em respeito \u00e0s recomenda\u00e7\u00f5es para prevenir o cont\u00e1gio pelo Covid -19 (Novo Coronav\u00edrus) o Sinpes comunica o fechamento tempor\u00e1rio de sua sede a partir de 19\/03\/2020 e a suspens\u00e3o dos atendimentos presenciais aos professores. Os atendimentos, no entanto, continuam por meio dos telefones:<br \/>\n(41) 99509-1915\/99976-6669 e pelos emails: sinpes@sinpes.org.br\/comunicacao@sinpes.org.br, al\u00e9m de nossa p\u00e1gina no Facebook<\/p>\n<!-- AddThis Advanced Settings generic via filter on the_content --><!-- AddThis Share Buttons generic via filter on the_content -->","protected":false},"excerpt":{"rendered":"<p>Em respeito \u00e0s recomenda\u00e7\u00f5es para prevenir o cont\u00e1gio pelo Covid -19 (Novo Coronav\u00edrus) o Sinpes comunica o fechamento tempor\u00e1rio de sua sede a partir de 19\/03\/2020 e a suspens\u00e3o dos atendimentos presenciais aos professores. Os atendimentos, no entanto, continuam por meio dos telefones: (41) 99509-1915\/99976-6669 e pelos emails: sinpes@sinpes.org.br\/comunicacao@sinpes.org.br, al\u00e9m de nossa p\u00e1gina no Facebook<!-- AddThis Advanced Settings generic via filter on wp_trim_excerpt --><!-- AddThis Share Buttons generic via filter on wp_trim_excerpt --><\/p>\n","protected":false},"author":3,"featured_media":0,"comment_status":"closed","ping_status":"open","sticky":false,"template":"","format":"standard","meta":{"footnotes":""},"categories":[7,18,13],"tags":[463,162,456,462,22],"class_list":["post-2968","post","type-post","status-publish","format-standard","hentry","category-arquivo-de-noticias","category-destaque","category-home","tag-atendimentos","tag-comunicado","tag-coronavirus","tag-covid-19","tag-professores"],"_links":{"self":[{"href":"https:\/\/sinpes.org.br\/site\/wp-json\/wp\/v2\/posts\/2968","targetHints":{"allow":["GET"]}}],"collection":[{"href":"https:\/\/sinpes.org.br\/site\/wp-json\/wp\/v2\/posts"}],"about":[{"href":"https:\/\/sinpes.org.br\/site\/wp-json\/wp\/v2\/types\/post"}],"author":[{"embeddable":true,"href":"https:\/\/sinpes.org.br\/site\/wp-json\/wp\/v2\/users\/3"}],"replies":[{"embeddable":true,"href":"https:\/\/sinpes.org.br\/site\/wp-json\/wp\/v2\/comments?post=2968"}],"version-history":[{"count":2,"href":"https:\/\/sinpes.org.br\/site\/wp-json\/wp\/v2\/posts\/2968\/revisions"}],"predecessor-version":[{"id":2971,"href":"https:\/\/sinpes.org.br\/site\/wp-json\/wp\/v2\/posts\/2968\/revisions\/2971"}],"wp:attachment":[{"href":"https:\/\/sinpes.org.br\/site\/wp-json\/wp\/v2\/media?parent=2968"}],"wp:term":[{"taxonomy":"category","embeddable":true,"href":"https:\/\/sinpes.org.br\/site\/wp-json\/wp\/v2\/categories?post=2968"},{"taxonomy":"post_tag","embeddable":true,"href":"https:\/\/sinpes.org.br\/site\/wp-json\/wp\/v2\/tags?post=2968"}],"curies":[{"name":"wp","href":"https:\/\/api.w.org\/{rel}","templated":true}]}}