{"id":2960,"date":"2020-03-16T09:30:57","date_gmt":"2020-03-16T12:30:57","guid":{"rendered":"https:\/\/sinpes.org.br\/site\/?p=2960"},"modified":"2020-03-16T09:30:57","modified_gmt":"2020-03-16T12:30:57","slug":"nota-de-repudio-e-convocacao-de-assembleia-de-greve","status":"publish","type":"post","link":"https:\/\/sinpes.org.br\/site\/nota-de-repudio-e-convocacao-de-assembleia-de-greve\/","title":{"rendered":"NOTA DE REP\u00daDIO E CONVOCA\u00c7\u00c3O DE ASSEMBLEIA DE GREVE"},"content":{"rendered":"<p>&nbsp;<\/p>\n<p><a href=\"https:\/\/sinpes.org.br\/site\/wp-content\/uploads\/2020\/03\/NOTA-DE-REP\u00daDIO-E-CONVOCA\u00c7\u00c3O-DE-ASSEMBLEIA-DE-GREVE.jpg\"><img loading=\"lazy\" decoding=\"async\" class=\"aligncenter  wp-image-2961\" src=\"https:\/\/sinpes.org.br\/site\/wp-content\/uploads\/2020\/03\/NOTA-DE-REP\u00daDIO-E-CONVOCA\u00c7\u00c3O-DE-ASSEMBLEIA-DE-GREVE.jpg\" alt=\"\" width=\"453\" height=\"380\" srcset=\"https:\/\/sinpes.org.br\/site\/wp-content\/uploads\/2020\/03\/NOTA-DE-REP\u00daDIO-E-CONVOCA\u00c7\u00c3O-DE-ASSEMBLEIA-DE-GREVE.jpg 940w, https:\/\/sinpes.org.br\/site\/wp-content\/uploads\/2020\/03\/NOTA-DE-REP\u00daDIO-E-CONVOCA\u00c7\u00c3O-DE-ASSEMBLEIA-DE-GREVE-300x251.jpg 300w, https:\/\/sinpes.org.br\/site\/wp-content\/uploads\/2020\/03\/NOTA-DE-REP\u00daDIO-E-CONVOCA\u00c7\u00c3O-DE-ASSEMBLEIA-DE-GREVE-768x644.jpg 768w\" sizes=\"auto, (max-width: 453px) 100vw, 453px\" \/><\/a><\/p>\n<p>O SINPES vem a p\u00fablico em nome de professores e professoras das universidades particulares de Curitiba, seus familiares e estudantes repudiar a decis\u00e3o tomada hoje em manter as aulas depois do crescente n\u00famero de casos registrados e das recomenda\u00e7\u00f5es internacionais para a pandemia anunciada.<\/p>\n<p>Eventos j\u00e1 foram cancelados e \u00e9 not\u00f3rio saber que h\u00e1 casos assintom\u00e1ticos de contamina\u00e7\u00e3o do v\u00edrus. Tendo em vista que muitos professor<span class=\"text_exposed_show\">es e alunos tamb\u00e9m tem pais, av\u00f3s e outros familiares em situa\u00e7\u00e3o de comorbidades j\u00e1 avaliadas como situa\u00e7\u00e3o de risco, o SINPES vem registrar a tentativa de di\u00e1logo com a dire\u00e7\u00e3o das IES que, ainda, insistem em manter as aulas.<\/span><\/p>\n<div class=\"text_exposed_show\">\n<p>Vale ressaltar o caso da It\u00e1lia. S\u00f3 na Lombardia, os casos assintom\u00e1ticos se transformaram em casos confirmados em menos de uma semana dos registros oficiais. A hora \u00e9 agora. Precisamos e devemos deixar as diferen\u00e7as de lado e tomar a decis\u00e3o pelo coletivo. N\u00e3o \u00e9 hora de atitudes egoc\u00eantricas, mas, sim, atitudes estrat\u00e9gicas e emergenciais pela sa\u00fade coletiva.<\/p>\n<p>O SINPES se mostra preocupado com a irresponsabilidade dos dirigentes das IES que insistem em manter as aulas e ainda fazem men\u00e7\u00e3o irrespons\u00e1vel aos motivos de suspens\u00e3o das universidades federais, que est\u00e3o seguindo os protocolos internacionais. Vale lembrar que, na maioria das universidades, h\u00e1 casos de alunos e professores estrangeiros e\/ou que viajaram para o exterior e outras regi\u00f5es do pa\u00eds onde j\u00e1 se registram casos de contamina\u00e7\u00e3o comunit\u00e1ria.<\/p>\n<p>Al\u00e9m de repudiar a atitude dos dirigentes de IES privadas de Curitiba, o SINPES convoca todos e todas as docentes para assembleia extraordin\u00e1ria, na pr\u00f3xima quarta-feira, dia 18 de mar\u00e7o, \u00e0s 9h, no SINPES (Rua Marechal Deodoro, n. 869, sexto andar), para decidir sobre greve por tempo indeterminado, em defesa da sa\u00fade de docentes, estudantes e familiares.<\/p>\n<p>Em Curitiba, 15 de mar\u00e7o de 2020<br \/>\nDire\u00e7\u00e3o do SINPES.<\/p>\n<\/div>\n<!-- AddThis Advanced Settings generic via filter on the_content --><!-- AddThis Share Buttons generic via filter on the_content -->","protected":false},"excerpt":{"rendered":"<p>&nbsp; O SINPES vem a p\u00fablico em nome de professores e professoras das universidades particulares de Curitiba, seus familiares e estudantes repudiar a decis\u00e3o tomada hoje em manter as aulas depois do crescente n\u00famero de casos registrados e das recomenda\u00e7\u00f5es internacionais para a pandemia anunciada. Eventos j\u00e1 foram cancelados e \u00e9 not\u00f3rio saber que h\u00e1 [&hellip;]<!-- AddThis Advanced Settings generic via filter on wp_trim_excerpt --><!-- AddThis Share Buttons generic via filter on wp_trim_excerpt --><\/p>\n","protected":false},"author":3,"featured_media":0,"comment_status":"closed","ping_status":"open","sticky":false,"template":"","format":"standard","meta":{"footnotes":""},"categories":[7,18,13],"tags":[305,456,83,455,459],"class_list":["post-2960","post","type-post","status-publish","format-standard","hentry","category-arquivo-de-noticias","category-destaque","category-home","tag-assembleia","tag-coronavirus","tag-greve","tag-nota","tag-paralisacao-de-aulas"],"_links":{"self":[{"href":"https:\/\/sinpes.org.br\/site\/wp-json\/wp\/v2\/posts\/2960","targetHints":{"allow":["GET"]}}],"collection":[{"href":"https:\/\/sinpes.org.br\/site\/wp-json\/wp\/v2\/posts"}],"about":[{"href":"https:\/\/sinpes.org.br\/site\/wp-json\/wp\/v2\/types\/post"}],"author":[{"embeddable":true,"href":"https:\/\/sinpes.org.br\/site\/wp-json\/wp\/v2\/users\/3"}],"replies":[{"embeddable":true,"href":"https:\/\/sinpes.org.br\/site\/wp-json\/wp\/v2\/comments?post=2960"}],"version-history":[{"count":1,"href":"https:\/\/sinpes.org.br\/site\/wp-json\/wp\/v2\/posts\/2960\/revisions"}],"predecessor-version":[{"id":2962,"href":"https:\/\/sinpes.org.br\/site\/wp-json\/wp\/v2\/posts\/2960\/revisions\/2962"}],"wp:attachment":[{"href":"https:\/\/sinpes.org.br\/site\/wp-json\/wp\/v2\/media?parent=2960"}],"wp:term":[{"taxonomy":"category","embeddable":true,"href":"https:\/\/sinpes.org.br\/site\/wp-json\/wp\/v2\/categories?post=2960"},{"taxonomy":"post_tag","embeddable":true,"href":"https:\/\/sinpes.org.br\/site\/wp-json\/wp\/v2\/tags?post=2960"}],"curies":[{"name":"wp","href":"https:\/\/api.w.org\/{rel}","templated":true}]}}