{"id":2957,"date":"2020-03-13T20:02:24","date_gmt":"2020-03-13T23:02:24","guid":{"rendered":"https:\/\/sinpes.org.br\/site\/?p=2957"},"modified":"2020-03-13T20:02:24","modified_gmt":"2020-03-13T23:02:24","slug":"nota-sobre-o-coronavirus","status":"publish","type":"post","link":"https:\/\/sinpes.org.br\/site\/nota-sobre-o-coronavirus\/","title":{"rendered":"Nota sobre o Coronav\u00edrus"},"content":{"rendered":"<p><a href=\"https:\/\/sinpes.org.br\/site\/wp-content\/uploads\/2020\/03\/Nota-sobre-o-Coronav\u00edrus.jpg\"><img loading=\"lazy\" decoding=\"async\" class=\"aligncenter  wp-image-2958\" src=\"https:\/\/sinpes.org.br\/site\/wp-content\/uploads\/2020\/03\/Nota-sobre-o-Coronav\u00edrus.jpg\" alt=\"\" width=\"589\" height=\"494\" srcset=\"https:\/\/sinpes.org.br\/site\/wp-content\/uploads\/2020\/03\/Nota-sobre-o-Coronav\u00edrus.jpg 940w, https:\/\/sinpes.org.br\/site\/wp-content\/uploads\/2020\/03\/Nota-sobre-o-Coronav\u00edrus-300x251.jpg 300w, https:\/\/sinpes.org.br\/site\/wp-content\/uploads\/2020\/03\/Nota-sobre-o-Coronav\u00edrus-768x644.jpg 768w\" sizes=\"auto, (max-width: 589px) 100vw, 589px\" \/><\/a><\/p>\n<p>Ap\u00f3s refletir sobre o posicionamento externado por diversos infectologistas brasileiros e estrangeiros acerca da prolifera\u00e7\u00e3o do Coronav\u00edrus, o Sindicato dos Professores de Ensino Superior de Curitiba e Regi\u00e3o Metropolitana \u2013 Sinpes, instado por diversos apelos nesse sentido por parte dos professores por ele representados, convenceu-se da necessidade de serem adotadas preventivamente medidas mais dr\u00e1sticas do que as a\u00e7\u00f5es paliativas que vem sendo cogi<span class=\"text_exposed_show\">tadas pelas institui\u00e7\u00f5es p\u00fablicas e privadas sobre o tema.<br \/>\nDiante do crescente aumento no n\u00famero de casos de pessoas infectadas, a \u00fanica forma de evitar que a situa\u00e7\u00e3o saia do controle, a exemplo do que ocorreu em alguns pa\u00edses da Europa, como a It\u00e1lia, \u00e9 desde logo promover a suspens\u00e3o de aulas e de todos os eventos para o qual concorra n\u00famero significativo de pessoas.<br \/>\nDiante da situa\u00e7\u00e3o emergencial o Sinpes conclama as institui\u00e7\u00f5es de ensino p\u00fablicas e privadas a promoverem a suspens\u00e3o das aulas j\u00e1 a partir da pr\u00f3xima segunda-feira. E se coloca \u00e0 disposi\u00e7\u00e3o do Sindicato dos Estabelecimentos Particulares de Ensino do Estado do Paran\u00e1- Sinepe e dos empregadores que reputarem oportuno, para celebrar acordo de compensa\u00e7\u00e3o de carga hor\u00e1ria, a exemplo da conduta adotada por ocasi\u00e3o da pandemia do H1N1.<br \/>\nDiretoria do Sinpes.<\/span><\/p>\n<!-- AddThis Advanced Settings generic via filter on the_content --><!-- AddThis Share Buttons generic via filter on the_content -->","protected":false},"excerpt":{"rendered":"<p>Ap\u00f3s refletir sobre o posicionamento externado por diversos infectologistas brasileiros e estrangeiros acerca da prolifera\u00e7\u00e3o do Coronav\u00edrus, o Sindicato dos Professores de Ensino Superior de Curitiba e Regi\u00e3o Metropolitana \u2013 Sinpes, instado por diversos apelos nesse sentido por parte dos professores por ele representados, convenceu-se da necessidade de serem adotadas preventivamente medidas mais dr\u00e1sticas do [&hellip;]<!-- AddThis Advanced Settings generic via filter on wp_trim_excerpt --><!-- AddThis Share Buttons generic via filter on wp_trim_excerpt --><\/p>\n","protected":false},"author":3,"featured_media":0,"comment_status":"closed","ping_status":"open","sticky":false,"template":"","format":"standard","meta":{"footnotes":""},"categories":[7,18,13],"tags":[456,455,21,457,458],"class_list":["post-2957","post","type-post","status-publish","format-standard","hentry","category-arquivo-de-noticias","category-destaque","category-home","tag-coronavirus","tag-nota","tag-paralisacao","tag-saude-dos-professores","tag-universidades"],"_links":{"self":[{"href":"https:\/\/sinpes.org.br\/site\/wp-json\/wp\/v2\/posts\/2957","targetHints":{"allow":["GET"]}}],"collection":[{"href":"https:\/\/sinpes.org.br\/site\/wp-json\/wp\/v2\/posts"}],"about":[{"href":"https:\/\/sinpes.org.br\/site\/wp-json\/wp\/v2\/types\/post"}],"author":[{"embeddable":true,"href":"https:\/\/sinpes.org.br\/site\/wp-json\/wp\/v2\/users\/3"}],"replies":[{"embeddable":true,"href":"https:\/\/sinpes.org.br\/site\/wp-json\/wp\/v2\/comments?post=2957"}],"version-history":[{"count":1,"href":"https:\/\/sinpes.org.br\/site\/wp-json\/wp\/v2\/posts\/2957\/revisions"}],"predecessor-version":[{"id":2959,"href":"https:\/\/sinpes.org.br\/site\/wp-json\/wp\/v2\/posts\/2957\/revisions\/2959"}],"wp:attachment":[{"href":"https:\/\/sinpes.org.br\/site\/wp-json\/wp\/v2\/media?parent=2957"}],"wp:term":[{"taxonomy":"category","embeddable":true,"href":"https:\/\/sinpes.org.br\/site\/wp-json\/wp\/v2\/categories?post=2957"},{"taxonomy":"post_tag","embeddable":true,"href":"https:\/\/sinpes.org.br\/site\/wp-json\/wp\/v2\/tags?post=2957"}],"curies":[{"name":"wp","href":"https:\/\/api.w.org\/{rel}","templated":true}]}}