{"id":2955,"date":"2020-03-12T09:39:43","date_gmt":"2020-03-12T12:39:43","guid":{"rendered":"https:\/\/sinpes.org.br\/site\/?p=2955"},"modified":"2020-03-12T09:39:43","modified_gmt":"2020-03-12T12:39:43","slug":"edital-de-convocacao-2","status":"publish","type":"post","link":"https:\/\/sinpes.org.br\/site\/edital-de-convocacao-2\/","title":{"rendered":"EDITAL DE CONVOCA\u00c7\u00c3O"},"content":{"rendered":"<p>O SINPES \u2013 Sindicato dos Professores de Ensino Superior de Curitiba e Regi\u00e3o Metropolitana \u2013 convoca a\u00a0 categoria para Assembleia Geral a ser realizada no dia 14 de mar\u00e7o de 2020 \u00e0s 10h30min em primeira convoca\u00e7\u00e3o\u00a0 e 11h00mim em segunda convoca\u00e7\u00e3o, no edif\u00edcio-sede do sindicato situada na Rua Marechal Deodoro 869, \u00a0quando ser\u00e1 discutida a seguinte ordem do dia:<\/p>\n<p>&#8211; Ades\u00e3o dos professores do ensino superior representados pelo SINPES \u00e0 manifesta\u00e7\u00e3o do dia 18 de mar\u00e7o de 2020 e deflagra\u00e7\u00e3o de greve geral nesse dia;<\/p>\n<p>&#8211; Estrat\u00e9gias para sensibilizar e mobilizar a categoria no tocante ao movimento;<\/p>\n<p>&#8211; Assuntos Gerais.<\/p>\n<p>Curitiba, 10 de mar\u00e7o de 2020.<\/p>\n<p>&nbsp;<\/p>\n<p><strong>Valdyr Perrini<\/strong><\/p>\n<p><strong>\u00a0 Presidente<\/strong><\/p>\n<p>&nbsp;<\/p>\n<!-- AddThis Advanced Settings generic via filter on the_content --><!-- AddThis Share Buttons generic via filter on the_content -->","protected":false},"excerpt":{"rendered":"<p>O SINPES \u2013 Sindicato dos Professores de Ensino Superior de Curitiba e Regi\u00e3o Metropolitana \u2013 convoca a\u00a0 categoria para Assembleia Geral a ser realizada no dia 14 de mar\u00e7o de 2020 \u00e0s 10h30min em primeira convoca\u00e7\u00e3o\u00a0 e 11h00mim em segunda convoca\u00e7\u00e3o, no edif\u00edcio-sede do sindicato situada na Rua Marechal Deodoro 869, \u00a0quando ser\u00e1 discutida a [&hellip;]<!-- AddThis Advanced Settings generic via filter on wp_trim_excerpt --><!-- AddThis Share Buttons generic via filter on wp_trim_excerpt --><\/p>\n","protected":false},"author":3,"featured_media":0,"comment_status":"closed","ping_status":"open","sticky":false,"template":"","format":"standard","meta":{"footnotes":""},"categories":[7,18],"tags":[305,60,454,69],"class_list":["post-2955","post","type-post","status-publish","format-standard","hentry","category-arquivo-de-noticias","category-destaque","tag-assembleia","tag-assembleia-geral","tag-edital","tag-edital-de-convocacao"],"_links":{"self":[{"href":"https:\/\/sinpes.org.br\/site\/wp-json\/wp\/v2\/posts\/2955","targetHints":{"allow":["GET"]}}],"collection":[{"href":"https:\/\/sinpes.org.br\/site\/wp-json\/wp\/v2\/posts"}],"about":[{"href":"https:\/\/sinpes.org.br\/site\/wp-json\/wp\/v2\/types\/post"}],"author":[{"embeddable":true,"href":"https:\/\/sinpes.org.br\/site\/wp-json\/wp\/v2\/users\/3"}],"replies":[{"embeddable":true,"href":"https:\/\/sinpes.org.br\/site\/wp-json\/wp\/v2\/comments?post=2955"}],"version-history":[{"count":1,"href":"https:\/\/sinpes.org.br\/site\/wp-json\/wp\/v2\/posts\/2955\/revisions"}],"predecessor-version":[{"id":2956,"href":"https:\/\/sinpes.org.br\/site\/wp-json\/wp\/v2\/posts\/2955\/revisions\/2956"}],"wp:attachment":[{"href":"https:\/\/sinpes.org.br\/site\/wp-json\/wp\/v2\/media?parent=2955"}],"wp:term":[{"taxonomy":"category","embeddable":true,"href":"https:\/\/sinpes.org.br\/site\/wp-json\/wp\/v2\/categories?post=2955"},{"taxonomy":"post_tag","embeddable":true,"href":"https:\/\/sinpes.org.br\/site\/wp-json\/wp\/v2\/tags?post=2955"}],"curies":[{"name":"wp","href":"https:\/\/api.w.org\/{rel}","templated":true}]}}