{"id":2934,"date":"2020-02-27T09:36:54","date_gmt":"2020-02-27T12:36:54","guid":{"rendered":"https:\/\/sinpes.org.br\/site\/?p=2934"},"modified":"2020-02-27T09:36:54","modified_gmt":"2020-02-27T12:36:54","slug":"mobilizacao-contra-o-golpe","status":"publish","type":"post","link":"https:\/\/sinpes.org.br\/site\/mobilizacao-contra-o-golpe\/","title":{"rendered":"Mobiliza\u00e7\u00e3o contra o Golpe"},"content":{"rendered":"<p>Companheiros e companheiras<\/p>\n<p>Precisamos que as organiza\u00e7\u00f5es, sindicatos, associa\u00e7\u00f5es de moradores, partidos , movimentos , gr\u00eamios estudantis reforcem a convoca\u00e7\u00e3o desta reuni\u00e3o.<br \/>\nA defesa da fr\u00e1gil democracia em nosso pa\u00eds depende das nossas a\u00e7\u00f5es nestes pr\u00f3ximos dias.<br \/>\nA situacao \u00e9 grave para o conjunto do nosso povo.<span class=\"text_exposed_show\"><br \/>\nN\u00c3O AO GOLPE.<br \/>\nTodas(os) na reuni\u00e3o amanh\u00e3, dia 27\/02\/2020 5\u00b0 feira na APP Sindicato, Av. Igua\u00e7u, 880, Rebou\u00e7as, \u00e0s 19:00hs.<br \/>\nPauta o Golpe que Bolsonaro quer impor ao pa\u00eds.<\/span><\/p>\n<!-- AddThis Advanced Settings generic via filter on the_content --><!-- AddThis Share Buttons generic via filter on the_content -->","protected":false},"excerpt":{"rendered":"<p>Companheiros e companheiras Precisamos que as organiza\u00e7\u00f5es, sindicatos, associa\u00e7\u00f5es de moradores, partidos , movimentos , gr\u00eamios estudantis reforcem a convoca\u00e7\u00e3o desta reuni\u00e3o. A defesa da fr\u00e1gil democracia em nosso pa\u00eds depende das nossas a\u00e7\u00f5es nestes pr\u00f3ximos dias. A situacao \u00e9 grave para o conjunto do nosso povo. N\u00c3O AO GOLPE. Todas(os) na reuni\u00e3o amanh\u00e3, dia [&hellip;]<!-- AddThis Advanced Settings generic via filter on wp_trim_excerpt --><!-- AddThis Share Buttons generic via filter on wp_trim_excerpt --><\/p>\n","protected":false},"author":3,"featured_media":0,"comment_status":"closed","ping_status":"open","sticky":false,"template":"","format":"standard","meta":{"footnotes":""},"categories":[7,18],"tags":[444,443,442,441],"class_list":["post-2934","post","type-post","status-publish","format-standard","hentry","category-arquivo-de-noticias","category-destaque","tag-classe-trabalhadora","tag-defesa-da-democracia","tag-democracia","tag-golpe"],"_links":{"self":[{"href":"https:\/\/sinpes.org.br\/site\/wp-json\/wp\/v2\/posts\/2934","targetHints":{"allow":["GET"]}}],"collection":[{"href":"https:\/\/sinpes.org.br\/site\/wp-json\/wp\/v2\/posts"}],"about":[{"href":"https:\/\/sinpes.org.br\/site\/wp-json\/wp\/v2\/types\/post"}],"author":[{"embeddable":true,"href":"https:\/\/sinpes.org.br\/site\/wp-json\/wp\/v2\/users\/3"}],"replies":[{"embeddable":true,"href":"https:\/\/sinpes.org.br\/site\/wp-json\/wp\/v2\/comments?post=2934"}],"version-history":[{"count":1,"href":"https:\/\/sinpes.org.br\/site\/wp-json\/wp\/v2\/posts\/2934\/revisions"}],"predecessor-version":[{"id":2935,"href":"https:\/\/sinpes.org.br\/site\/wp-json\/wp\/v2\/posts\/2934\/revisions\/2935"}],"wp:attachment":[{"href":"https:\/\/sinpes.org.br\/site\/wp-json\/wp\/v2\/media?parent=2934"}],"wp:term":[{"taxonomy":"category","embeddable":true,"href":"https:\/\/sinpes.org.br\/site\/wp-json\/wp\/v2\/categories?post=2934"},{"taxonomy":"post_tag","embeddable":true,"href":"https:\/\/sinpes.org.br\/site\/wp-json\/wp\/v2\/tags?post=2934"}],"curies":[{"name":"wp","href":"https:\/\/api.w.org\/{rel}","templated":true}]}}