{"id":2931,"date":"2020-02-22T11:14:41","date_gmt":"2020-02-22T14:14:41","guid":{"rendered":"https:\/\/sinpes.org.br\/site\/?p=2931"},"modified":"2020-02-22T11:14:41","modified_gmt":"2020-02-22T14:14:41","slug":"sinpes-convoca-professores-da-fesp-para-participar-de-comissao-paritaria-para-revisao-do-plano-de-cargos-e-salarios","status":"publish","type":"post","link":"https:\/\/sinpes.org.br\/site\/sinpes-convoca-professores-da-fesp-para-participar-de-comissao-paritaria-para-revisao-do-plano-de-cargos-e-salarios\/","title":{"rendered":"SINPES CONVOCA PROFESSORES DA FESP PARA PARTICIPAR DE COMISS\u00c3O PARIT\u00c1RIA PARA REVIS\u00c3O DO PLANO DE CARGOS E SAL\u00c1RIOS"},"content":{"rendered":"<p>O Sindicato dos Professores de Ensino Superior de Curitiba e Regi\u00e3o Metropolitana \u2013 SINPES, convida os professores da Funda\u00e7\u00e3o de Estudos Sociais do Paran\u00e1 \u2013 Fesp a participar de Comiss\u00e3o Parit\u00e1ria para revis\u00e3o do Plano de Cargos e Sal\u00e1rios, compromisso assumido no acordo celebrado com a FESP no ano passado.<br \/>\nA comiss\u00e3o trabalhar\u00e1 no sentido de eliminar as incon<span class=\"text_exposed_show\">gru\u00eancias existentes, inclusive propondo a racionaliza\u00e7\u00e3o das despesas ordin\u00e1rias e extraordin\u00e1rias da entidade a partir da realidade financeira dessa institui\u00e7\u00e3o de ensino.<br \/>\nA vig\u00eancia do novo plano acordado entre as partes depende de aprova\u00e7\u00e3o em assembleia geral dos professores interessados a ser convocada para tal finalidade.<br \/>\nEm caso de interessados em n\u00famero inferior a tr\u00eas os dirigentes do Sinpes completar\u00e3o a comiss\u00e3o indicando docentes que se disponham a participar entre aqueles que acompanharam as tratativas que culminaram com o acordo celebrado o ano passado.<br \/>\nSe os interessados forem mais de tr\u00eas professores, os integrantes titulares e suplentes dessa comiss\u00e3o da parte do SINPES ser\u00e3o eleitos pelos seus pares mediante escrut\u00ednio a ser realizado na sala dos professores da FESP entre 10 e 12 de mar\u00e7o de 2020.<br \/>\nOs interessados em compor essa comiss\u00e3o dever\u00e3o noticiar sua inten\u00e7\u00e3o ao SINPES pelo e-mail comunicacao@sinpes.org.br ou no grupo de Whatsapp integrado pelos professores da FESP e dirigentes do SINPES, at\u00e9 o dia 06.03.2020.<\/span><\/p>\n<!-- AddThis Advanced Settings generic via filter on the_content --><!-- AddThis Share Buttons generic via filter on the_content -->","protected":false},"excerpt":{"rendered":"<p>O Sindicato dos Professores de Ensino Superior de Curitiba e Regi\u00e3o Metropolitana \u2013 SINPES, convida os professores da Funda\u00e7\u00e3o de Estudos Sociais do Paran\u00e1 \u2013 Fesp a participar de Comiss\u00e3o Parit\u00e1ria para revis\u00e3o do Plano de Cargos e Sal\u00e1rios, compromisso assumido no acordo celebrado com a FESP no ano passado. A comiss\u00e3o trabalhar\u00e1 no sentido [&hellip;]<!-- AddThis Advanced Settings generic via filter on wp_trim_excerpt --><!-- AddThis Share Buttons generic via filter on wp_trim_excerpt --><\/p>\n","protected":false},"author":3,"featured_media":0,"comment_status":"closed","ping_status":"open","sticky":false,"template":"","format":"standard","meta":{"footnotes":""},"categories":[7,18],"tags":[344,439,374,440],"class_list":["post-2931","post","type-post","status-publish","format-standard","hentry","category-arquivo-de-noticias","category-destaque","tag-fesp","tag-fesp-pr","tag-plano-de-cargos-e-salarios","tag-professores-da-fesp"],"_links":{"self":[{"href":"https:\/\/sinpes.org.br\/site\/wp-json\/wp\/v2\/posts\/2931","targetHints":{"allow":["GET"]}}],"collection":[{"href":"https:\/\/sinpes.org.br\/site\/wp-json\/wp\/v2\/posts"}],"about":[{"href":"https:\/\/sinpes.org.br\/site\/wp-json\/wp\/v2\/types\/post"}],"author":[{"embeddable":true,"href":"https:\/\/sinpes.org.br\/site\/wp-json\/wp\/v2\/users\/3"}],"replies":[{"embeddable":true,"href":"https:\/\/sinpes.org.br\/site\/wp-json\/wp\/v2\/comments?post=2931"}],"version-history":[{"count":1,"href":"https:\/\/sinpes.org.br\/site\/wp-json\/wp\/v2\/posts\/2931\/revisions"}],"predecessor-version":[{"id":2932,"href":"https:\/\/sinpes.org.br\/site\/wp-json\/wp\/v2\/posts\/2931\/revisions\/2932"}],"wp:attachment":[{"href":"https:\/\/sinpes.org.br\/site\/wp-json\/wp\/v2\/media?parent=2931"}],"wp:term":[{"taxonomy":"category","embeddable":true,"href":"https:\/\/sinpes.org.br\/site\/wp-json\/wp\/v2\/categories?post=2931"},{"taxonomy":"post_tag","embeddable":true,"href":"https:\/\/sinpes.org.br\/site\/wp-json\/wp\/v2\/tags?post=2931"}],"curies":[{"name":"wp","href":"https:\/\/api.w.org\/{rel}","templated":true}]}}