{"id":2926,"date":"2020-02-20T09:46:37","date_gmt":"2020-02-20T12:46:37","guid":{"rendered":"https:\/\/sinpes.org.br\/site\/?p=2926"},"modified":"2020-02-20T11:26:48","modified_gmt":"2020-02-20T14:26:48","slug":"conheca-um-pouco-da-historia-dos-quatro-professores-beneficiados-com-a-reintegracao-no-quadro-da-puc","status":"publish","type":"post","link":"https:\/\/sinpes.org.br\/site\/conheca-um-pouco-da-historia-dos-quatro-professores-beneficiados-com-a-reintegracao-no-quadro-da-puc\/","title":{"rendered":"Conhe\u00e7a um pouco da hist\u00f3ria dos quatro professores beneficiados com a reintegra\u00e7\u00e3o no quadro da PUC"},"content":{"rendered":"<p><a href=\"https:\/\/sinpes.org.br\/site\/wp-content\/uploads\/2020\/02\/Profs.jpg\"><img loading=\"lazy\" decoding=\"async\" class=\"aligncenter wp-image-2927\" src=\"https:\/\/sinpes.org.br\/site\/wp-content\/uploads\/2020\/02\/Profs-1024x1024.jpg\" alt=\"\" width=\"611\" height=\"611\" srcset=\"https:\/\/sinpes.org.br\/site\/wp-content\/uploads\/2020\/02\/Profs-1024x1024.jpg 1024w, https:\/\/sinpes.org.br\/site\/wp-content\/uploads\/2020\/02\/Profs-150x150.jpg 150w, https:\/\/sinpes.org.br\/site\/wp-content\/uploads\/2020\/02\/Profs-300x300.jpg 300w, https:\/\/sinpes.org.br\/site\/wp-content\/uploads\/2020\/02\/Profs-768x768.jpg 768w, https:\/\/sinpes.org.br\/site\/wp-content\/uploads\/2020\/02\/Profs.jpg 2000w\" sizes=\"auto, (max-width: 611px) 100vw, 611px\" \/><\/a><\/p>\n<p><em>Na foto: Edna Beronheiro e Evandro Limongi\u00a0<\/em><\/p>\n<p>Al\u00e9m de reassumirem as aulas, os professores dever\u00e3o receber os sal\u00e1rios relativos a todo o longo per\u00edodo de afastamento.<\/p>\n<p>Nos casos que ainda pende recurso contra a reintegra\u00e7\u00e3o, o SINPES protocolar\u00e1 pedido para que seja reconhecida a desist\u00eancia t\u00e1cita do recurso no que se refere \u00e0 reintegra\u00e7\u00e3o em face da iniciativa patronal de antecipar o cumprimento da determina\u00e7\u00e3o judicial.<\/p>\n<p>A professora Edna Beronheiro lecionou para PUCPR entre 1995 e 2005. Trabalhou inicialmente para desempenhar as fun\u00e7\u00f5es de T\u00e9cnica N\u00edvel Superior e Coordenadora do Laborat\u00f3rio de An\u00e1lises Ambientais vinculado ao Instituto de Saneamento Ambiental da reclamada (ISAM\/PUCPR). No ano de 2002 com a cria\u00e7\u00e3o do Curso de Gradua\u00e7\u00e3o em Engenharia Ambiental passou a exercer a atividade docente concomitantemente com outras fun\u00e7\u00f5es. Edna Beronheiro tem gradua\u00e7\u00e3o em Bacharelado de Licenciatura em Ci\u00eancias Qu\u00edmicas pela Faculdade de Filosofia Ci\u00eancias e Letras de S\u00e3o Bernardo do Campo (1986); especializa\u00e7\u00e3o MBA em Sistema de Gest\u00e3o Ambiental pela PUCPR e mestrado em Engenharia e Ci\u00eancias dos Materiais no Programa Interdisciplinar de P\u00f3s-Gradua\u00e7\u00e3o em Engenharia da Universidade Federal do Paran\u00e1. \u00c9 Consultora em Implanta\u00e7\u00e3o de Sistema Integrado de Gest\u00e3o e auditora Ambiental. Al\u00e9m disso, a professora tem experi\u00eancia na \u00e1rea de Qu\u00edmica, com \u00eanfase em An\u00e1lise de Tra\u00e7os e Qu\u00edmica Ambiental, atuando principalmente nos seguintes temas: lodo aer\u00f3bio, lodo de esgoto, solo agr\u00edcola, calagem e efici\u00eancia da calagem, emiss\u00f5es atmosf\u00e9ricas, recupera\u00e7\u00e3o de \u00e1reas degradadas.<\/p>\n<p>O professor Evandro Limongi Marques de Abreu foi admitido em 1991 para lecionar no curso de Direito da PUC. Foi abruptamente demitido 14 anos depois em 2005. \u00c9 Mestre em Direito Econ\u00f4mico e Social pela PUC-PR, com conclus\u00e3o em 2002. Conceituado advogado criminalista \u00e9 especializado em Direito Processual Penal pela PUC; em Direito Processual Civil pelo Instituto Brasileiro de Estudos Jur\u00eddicos Faculdades Positivo; em MBA em Gest\u00e3o do Conhecimento na Educa\u00e7\u00e3o Superior pela Faculdade Dom Bosco e concluir Aperfei\u00e7oamento em Princ\u00edpios Fundamentais da Psican\u00e1lise tamb\u00e9m pela PUC-PR. \u00c9 tamb\u00e9m autor do livro \u201cO Meio Urbano Ante a Criminalidade Violenta\u201d (2011). Como docente tem grande experi\u00eancia em Processo Penal, supervis\u00e3o de est\u00e1gios e preparo de j\u00faris simulados e reais.<\/p>\n<p>A professora Elizabeth Rocha Kr\u00fcger possui gradua\u00e7\u00e3o em Psicologia pela Universidade Federal do Paran\u00e1 (UFPR) e gradua\u00e7\u00e3o em Administra\u00e7\u00e3o de Empresas pelo Instituto de Ci\u00eancias Sociais do Paran\u00e1 (Fesp). \u00c9 P\u00f3s-Graduada em Forma\u00e7\u00e3o de Professores em EAD pela Universidade Federal do Paran\u00e1 e tem Mestrado em Educa\u00e7\u00e3o pela PUC-PR (2006). Foi professora convidada na P\u00f3s-Gradua\u00e7\u00e3o da Faculdade de Ensino Superior do Paran\u00e1, da Universidade Estadual do Oeste do Paran\u00e1, do Instituto DIDATUS de P\u00f3s-Gradua\u00e7\u00e3o e da ABC in Company. A professora Elizabeth come\u00e7ou a dar aulas na PUC em 2002. Foi coordenadora de curso de P\u00f3s-Gradua\u00e7\u00e3o em Gest\u00e3o Estrat\u00e9gica de Pessoas e Coordenadora do curso de Administra\u00e7\u00e3o da Faculdade Modelo. Tamb\u00e9m foi docente na Gradua\u00e7\u00e3o da Faculdade Padre Jo\u00e3o Bagozzi e da Faculdade de Educa\u00e7\u00e3o Superior do Paran\u00e1 e consultora associada da El-Kouba Consultores Associados. Tem experi\u00eancia na \u00e1rea de Administra\u00e7\u00e3o, com \u00eanfase em Administra\u00e7\u00e3o de Pessoas, atuando principalmente nos seguintes temas: diagn\u00f3stico organizacional, desenvolvimento de gestores, avalia\u00e7\u00e3o de compet\u00eancias, desenvolvimento de compet\u00eancias, lideran\u00e7a, qualidade de vida no trabalho, treinamento, comunica\u00e7\u00e3o, educa\u00e7\u00e3o corporativa e forma\u00e7\u00e3o continuada. Foi arbitrariamente demitida da PUC-PR no ano de 2007.<\/p>\n<p>Mirian Carnasicalli possui gradua\u00e7\u00e3o em Psicologia pela Pontif\u00edcia Universidade Cat\u00f3lica do Paran\u00e1 (1981) e mestrado em Educa\u00e7\u00e3o &#8211; Gest\u00e3o, pela Pontif\u00edcia Universidade Cat\u00f3lica do Paran\u00e1 (1998). Atualmente \u00e9 professora do Instituto Superior de Administra\u00e7\u00e3o e Economia na Funda\u00e7\u00e3o Get\u00falio Vargas. Tem experi\u00eancia na \u00e1rea de Psicologia, com \u00eanfase em Psicologia Organizacional, Aplicada, do Trabalho, Social, Educacional e Cl\u00ednica, atuando principalmente nos seguintes temas: gest\u00e3o, administra\u00e7\u00e3o de RH, qualidade, trabalho, social, pessoas, psicologia, comunica\u00e7\u00e3o e design e metodologia da pesquisa cient\u00edfica. Tamb\u00e9m desenvolve trabalhos de orienta\u00e7\u00e3o e desenvolvimento de pesquisas cient\u00edficas.<\/p>\n<p>Todos foram demitidos arbitrariamente pela PUCPR e agora retomam por determina\u00e7\u00e3o judicial suas promissoras carreiras docentes ceifadas precocemente. Em todo os casos por decis\u00e3o judicial foram garantidos aos docentes sal\u00e1rios e todos os demais direitos a que fizeram jus no per\u00edodo de afastamento compuls\u00f3rio como se trabalhando estivessem.<\/p>\n<!-- AddThis Advanced Settings generic via filter on the_content --><!-- AddThis Share Buttons generic via filter on the_content -->","protected":false},"excerpt":{"rendered":"<p>Na foto: Edna Beronheiro e Evandro Limongi\u00a0 Al\u00e9m de reassumirem as aulas, os professores dever\u00e3o receber os sal\u00e1rios relativos a todo o longo per\u00edodo de afastamento. Nos casos que ainda pende recurso contra a reintegra\u00e7\u00e3o, o SINPES protocolar\u00e1 pedido para que seja reconhecida a desist\u00eancia t\u00e1cita do recurso no que se refere \u00e0 reintegra\u00e7\u00e3o em [&hellip;]<!-- AddThis Advanced Settings generic via filter on wp_trim_excerpt --><!-- AddThis Share Buttons generic via filter on wp_trim_excerpt --><\/p>\n","protected":false},"author":3,"featured_media":2927,"comment_status":"closed","ping_status":"open","sticky":false,"template":"","format":"standard","meta":{"footnotes":""},"categories":[7,18,2],"tags":[366,92,22,61,124],"class_list":["post-2926","post","type-post","status-publish","format-standard","has-post-thumbnail","hentry","category-arquivo-de-noticias","category-destaque","category-puc","tag-demissoes","tag-justica","tag-professores","tag-puc","tag-reintegracao"],"_links":{"self":[{"href":"https:\/\/sinpes.org.br\/site\/wp-json\/wp\/v2\/posts\/2926","targetHints":{"allow":["GET"]}}],"collection":[{"href":"https:\/\/sinpes.org.br\/site\/wp-json\/wp\/v2\/posts"}],"about":[{"href":"https:\/\/sinpes.org.br\/site\/wp-json\/wp\/v2\/types\/post"}],"author":[{"embeddable":true,"href":"https:\/\/sinpes.org.br\/site\/wp-json\/wp\/v2\/users\/3"}],"replies":[{"embeddable":true,"href":"https:\/\/sinpes.org.br\/site\/wp-json\/wp\/v2\/comments?post=2926"}],"version-history":[{"count":2,"href":"https:\/\/sinpes.org.br\/site\/wp-json\/wp\/v2\/posts\/2926\/revisions"}],"predecessor-version":[{"id":2929,"href":"https:\/\/sinpes.org.br\/site\/wp-json\/wp\/v2\/posts\/2926\/revisions\/2929"}],"wp:featuredmedia":[{"embeddable":true,"href":"https:\/\/sinpes.org.br\/site\/wp-json\/wp\/v2\/media\/2927"}],"wp:attachment":[{"href":"https:\/\/sinpes.org.br\/site\/wp-json\/wp\/v2\/media?parent=2926"}],"wp:term":[{"taxonomy":"category","embeddable":true,"href":"https:\/\/sinpes.org.br\/site\/wp-json\/wp\/v2\/categories?post=2926"},{"taxonomy":"post_tag","embeddable":true,"href":"https:\/\/sinpes.org.br\/site\/wp-json\/wp\/v2\/tags?post=2926"}],"curies":[{"name":"wp","href":"https:\/\/api.w.org\/{rel}","templated":true}]}}