{"id":2921,"date":"2020-02-18T13:47:13","date_gmt":"2020-02-18T16:47:13","guid":{"rendered":"https:\/\/sinpes.org.br\/site\/?p=2921"},"modified":"2020-02-20T09:28:12","modified_gmt":"2020-02-20T12:28:12","slug":"puc-antecipa-se-a-justica-e-tenta-esvaziar-reintegracoes-com-uma-pegadinha","status":"publish","type":"post","link":"https:\/\/sinpes.org.br\/site\/puc-antecipa-se-a-justica-e-tenta-esvaziar-reintegracoes-com-uma-pegadinha\/","title":{"rendered":"PUC antecipa-se \u00e0 Justi\u00e7a e tenta esvaziar reintegra\u00e7\u00f5es com uma \u201cpegadinha\u201d"},"content":{"rendered":"<p>No \u00faltimo dia 10 de fevereiro, sexta-feira, quatro professores demitidos da PUCPR h\u00e1 mais de uma d\u00e9cada receberam um telegrama inusitado. Deveriam comparecer \u00e0 sede da empregadora para serem reintegrados em face de determina\u00e7\u00e3o judicial na segunda-feira subsequente, 12 de fevereiro \u00e0s 10h00m, \u201csob pena do n\u00e3o comparecimento em 48 horas ser considerado como desinteresse\u201d.<\/p>\n<p>O teor do telegrama bem evidencia a prepot\u00eancia que marca a rela\u00e7\u00e3o do Grupo Marista com seus empregados.<\/p>\n<p>Evidente que depois de muitos anos de afastamento, o retorno \u201cem 48 horas\u201d \u00e9 determina\u00e7\u00e3o patronal que extrapola o poder diretivo do empregador e o bom senso pois \u00e9 sabido que esses professores precisam de pelo menos de 30 dias para se desvencilhar dos compromissos profissionais que assumiram para sobreviver nesses anos todos.<\/p>\n<p>Apesar da arbitrariedade da determina\u00e7\u00e3o patronal, 3 dos professores beneficiados por decis\u00f5es judiciais que consideraram nulas suas despedidas conseguiram comparecer no prazo determinado, evitando assim novos incidentes judiciais: Edna Beronheiro, Evandro Limongi e Elizabeth Rocha colocaram-se \u00e0 disposi\u00e7\u00e3o da PUCPR assumindo seus antigos postos de trabalho com direito a desfrutar das mesmas condi\u00e7\u00f5es ostentadas por ocasi\u00e3o de suas despedidas, conforme judicialmente determinado.<\/p>\n<p>Desmentindo a \u201cpressa\u201d consignada no telegrama recebido, at\u00e9 o presente momento n\u00e3o foi dito \u00e0 Professora Edna Beronheiro quais as turmas e disciplinas que lhe ser\u00e3o designadas.<\/p>\n<p>A Professora Mirian Carnascialli domiciliada atualmente na cidade do Rio de Janeiro informou que precisa de um prazo de trinta dias para reorganizar sua vida profissional e familiar e retornar \u00e0s suas atividades docentes no Estado do Paran\u00e1. Disponibilizou \u00e0 PUC seu telefone, aguardando ser contactada para que sejam ultimados os detalhes da reintegra\u00e7\u00e3o. At\u00e9 agora n\u00e3o teve qualquer retorno.<\/p>\n<p>&nbsp;<\/p>\n<p>&nbsp;<\/p>\n<p>&nbsp;<\/p>\n<!-- AddThis Advanced Settings generic via filter on the_content --><!-- AddThis Share Buttons generic via filter on the_content -->","protected":false},"excerpt":{"rendered":"<p>No \u00faltimo dia 10 de fevereiro, sexta-feira, quatro professores demitidos da PUCPR h\u00e1 mais de uma d\u00e9cada receberam um telegrama inusitado. Deveriam comparecer \u00e0 sede da empregadora para serem reintegrados em face de determina\u00e7\u00e3o judicial na segunda-feira subsequente, 12 de fevereiro \u00e0s 10h00m, \u201csob pena do n\u00e3o comparecimento em 48 horas ser considerado como desinteresse\u201d. [&hellip;]<!-- AddThis Advanced Settings generic via filter on wp_trim_excerpt --><!-- AddThis Share Buttons generic via filter on wp_trim_excerpt --><\/p>\n","protected":false},"author":3,"featured_media":0,"comment_status":"closed","ping_status":"open","sticky":false,"template":"","format":"standard","meta":{"footnotes":""},"categories":[7,18,2],"tags":[436,435,22,418,124],"class_list":["post-2921","post","type-post","status-publish","format-standard","hentry","category-arquivo-de-noticias","category-destaque","category-puc","tag-decisao-judicial","tag-demissoes-arbitrarias","tag-professores","tag-pucpr","tag-reintegracao"],"_links":{"self":[{"href":"https:\/\/sinpes.org.br\/site\/wp-json\/wp\/v2\/posts\/2921","targetHints":{"allow":["GET"]}}],"collection":[{"href":"https:\/\/sinpes.org.br\/site\/wp-json\/wp\/v2\/posts"}],"about":[{"href":"https:\/\/sinpes.org.br\/site\/wp-json\/wp\/v2\/types\/post"}],"author":[{"embeddable":true,"href":"https:\/\/sinpes.org.br\/site\/wp-json\/wp\/v2\/users\/3"}],"replies":[{"embeddable":true,"href":"https:\/\/sinpes.org.br\/site\/wp-json\/wp\/v2\/comments?post=2921"}],"version-history":[{"count":2,"href":"https:\/\/sinpes.org.br\/site\/wp-json\/wp\/v2\/posts\/2921\/revisions"}],"predecessor-version":[{"id":2925,"href":"https:\/\/sinpes.org.br\/site\/wp-json\/wp\/v2\/posts\/2921\/revisions\/2925"}],"wp:attachment":[{"href":"https:\/\/sinpes.org.br\/site\/wp-json\/wp\/v2\/media?parent=2921"}],"wp:term":[{"taxonomy":"category","embeddable":true,"href":"https:\/\/sinpes.org.br\/site\/wp-json\/wp\/v2\/categories?post=2921"},{"taxonomy":"post_tag","embeddable":true,"href":"https:\/\/sinpes.org.br\/site\/wp-json\/wp\/v2\/tags?post=2921"}],"curies":[{"name":"wp","href":"https:\/\/api.w.org\/{rel}","templated":true}]}}