{"id":2915,"date":"2020-02-06T09:28:02","date_gmt":"2020-02-06T12:28:02","guid":{"rendered":"https:\/\/sinpes.org.br\/site\/?p=2915"},"modified":"2020-02-06T09:28:02","modified_gmt":"2020-02-06T12:28:02","slug":"o-cinismo-de-quem-faz-a-defesa-da-classe-trabalhadora-mas-pratica-os-absurdos-da-reforma-trabalhista","status":"publish","type":"post","link":"https:\/\/sinpes.org.br\/site\/o-cinismo-de-quem-faz-a-defesa-da-classe-trabalhadora-mas-pratica-os-absurdos-da-reforma-trabalhista\/","title":{"rendered":"O cinismo de quem faz a defesa da classe trabalhadora, mas pratica os absurdos da reforma trabalhista"},"content":{"rendered":"<p><a href=\"https:\/\/sinpes.org.br\/site\/wp-content\/uploads\/2020\/02\/O-cinismo-de-quem-faz-a-defesa-da-classe-trabalhadora-mas-pratica-os-absurdos-da-reforma-trabalhista.jpg\"><img loading=\"lazy\" decoding=\"async\" class=\"aligncenter  wp-image-2916\" src=\"https:\/\/sinpes.org.br\/site\/wp-content\/uploads\/2020\/02\/O-cinismo-de-quem-faz-a-defesa-da-classe-trabalhadora-mas-pratica-os-absurdos-da-reforma-trabalhista-1024x727.jpg\" alt=\"\" width=\"595\" height=\"422\" srcset=\"https:\/\/sinpes.org.br\/site\/wp-content\/uploads\/2020\/02\/O-cinismo-de-quem-faz-a-defesa-da-classe-trabalhadora-mas-pratica-os-absurdos-da-reforma-trabalhista-1024x727.jpg 1024w, https:\/\/sinpes.org.br\/site\/wp-content\/uploads\/2020\/02\/O-cinismo-de-quem-faz-a-defesa-da-classe-trabalhadora-mas-pratica-os-absurdos-da-reforma-trabalhista-300x213.jpg 300w, https:\/\/sinpes.org.br\/site\/wp-content\/uploads\/2020\/02\/O-cinismo-de-quem-faz-a-defesa-da-classe-trabalhadora-mas-pratica-os-absurdos-da-reforma-trabalhista-768x545.jpg 768w, https:\/\/sinpes.org.br\/site\/wp-content\/uploads\/2020\/02\/O-cinismo-de-quem-faz-a-defesa-da-classe-trabalhadora-mas-pratica-os-absurdos-da-reforma-trabalhista.jpg 1747w\" sizes=\"auto, (max-width: 595px) 100vw, 595px\" \/><\/a><\/p>\n<p>&nbsp;<\/p>\n<p>Entre os donos do Centro Universit\u00e1rio do Brasil \u2013 Unibrasil, cinicamente se ouve discurso reiterado contra as reformas trabalhistas dos golpistas e fascistas que assaltaram o poder no Brasil. A falta de coer\u00eancia entre o discurso e a pr\u00e1tica \u00e9 flagrante, j\u00e1 que essa institui\u00e7\u00e3o de ensino superior tem se destacado por impor aos seus trabalhadores abusos e sofrimentos utilizando-se desses novos instrumentos jur\u00eddicos colocados \u00e0 disposi\u00e7\u00e3o da classe patronal.<\/p>\n<p>Os docentes do Unibrasil t\u00eam sofrido as consequ\u00eancias da reforma trabalhista e da crescente precariza\u00e7\u00e3o das rela\u00e7\u00f5es de trabalho no seu cotidiano.<\/p>\n<p>Para achatar sal\u00e1rios e ter mais lucros, sistematicamente s\u00e3o demitidos professores\/as mais antigos, com 10, 13, 15, 18 anos de trabalho e comprometidos com a forma\u00e7\u00e3o e ensino dos alunos.<\/p>\n<p>Essas demiss\u00f5es, nos \u00faltimos dois anos, totalizam dezenas de professores\/as e de auxiliares de administra\u00e7\u00e3o escolar, que s\u00e3o substitu\u00eddos por novos, contratados ganhando sal\u00e1rios significativamente inferiores ao que recebiam os trabalhadores desligados.<\/p>\n<p>N\u00e3o por acaso, o UniBrasil come\u00e7ou com um pr\u00e9dio\/bloco alugado, e hoje s\u00e3o 8 pr\u00e9dios\/blocos, audit\u00f3rio, etc. al\u00e9m de ter comprado o enorme terreno onde est\u00e1 localizada. Quem gerou o lucro necess\u00e1rio para acumular esse patrim\u00f4nio? Esses trabalhadores que agora est\u00e3o sendo descartados como baga\u00e7o.<\/p>\n<p>N\u00e3o bastassem as demiss\u00f5es, muitos professores t\u00eam perdido suas aulas porque o Unibrasil tem adotado o ensino a dist\u00e2ncia, mais uma forma de tirar direitos dos trabalhadores e sucatear o ensino.<\/p>\n<p>A fus\u00e3o e a extin\u00e7\u00e3o de disciplinas suprimem\/reduzem as aulas dos professores que t\u00eam seus sal\u00e1rios mitigados, em especial aquelas disciplinas mais cr\u00edticas, ao arrepio das diversas conven\u00e7\u00f5es coletivas assinadas entre o SINPES e o SINEPE que n\u00e3o contemplam altera\u00e7\u00f5es curriculares como hip\u00f3tese de redu\u00e7\u00e3o de carga hor\u00e1ria leg\u00edtima do professor.<\/p>\n<p>A \u201cescola sem partido\u201d, recentemente rejeitada no \u00e2mbito da assembleia legislativa do Estado do Paran\u00e1 desde h\u00e1 muito faz parte da dura realidade da comunidade acad\u00eamica do Unibrasil. Reiteradamente as disciplinas mais cr\u00edticas s\u00e3o fundidas, extintas ou ofertadas a dist\u00e2ncia, esvaziando-se o debate e a reflex\u00e3o entre os alunos e docentes.<\/p>\n<p>Embora nenhum professor do Unibrasil tenha optado pela oposi\u00e7\u00e3o ao pagamento da contribui\u00e7\u00e3o negocial ajustada na conven\u00e7\u00e3o coletiva de trabalho 2018\/2020 depois de aprovada em assembleia geral da categoria, os dirigentes dessa institui\u00e7\u00e3o de ensino superior deliberadamente deixaram de descontar o valor devido dos sal\u00e1rios dos docentes e consequentemente de repass\u00e1-lo aos cofres da entidade sindical. Ao adotar essa conduta antissindical alia-se ao que existe de mais retr\u00f3grado no empresariado nacional, que pretende sufocar economicamente a organiza\u00e7\u00e3o coletiva dos trabalhadores para poder amealhar mais lucros impunemente.<\/p>\n<p>Em suma a \u201cdefesa da classe trabalhadora\u201d n\u00e3o passa de mera figura ret\u00f3rica. O Unibrasil explora seus empregados aproveitando-se das regras da reforma trabalhista para n\u00e3o submeter o conte\u00fado de suas rescis\u00f5es aos SINDICATOS DOS TRABALHADORES demitindo reiteradamente seus trabalhadores mais preparados para lucrar mais e mais.<\/p>\n<p><strong>Diretoria do Sindicato dos Professores do Ensino Superior de Curitiba e Regi\u00e3o Metropolitana \u2013 Sinpes.<\/strong><\/p>\n<p>&nbsp;<\/p>\n<p>*Charge: Vitor Teixeira<\/p>\n<!-- AddThis Advanced Settings generic via filter on the_content --><!-- AddThis Share Buttons generic via filter on the_content -->","protected":false},"excerpt":{"rendered":"<p>&nbsp; Entre os donos do Centro Universit\u00e1rio do Brasil \u2013 Unibrasil, cinicamente se ouve discurso reiterado contra as reformas trabalhistas dos golpistas e fascistas que assaltaram o poder no Brasil. A falta de coer\u00eancia entre o discurso e a pr\u00e1tica \u00e9 flagrante, j\u00e1 que essa institui\u00e7\u00e3o de ensino superior tem se destacado por impor aos [&hellip;]<!-- AddThis Advanced Settings generic via filter on wp_trim_excerpt --><!-- AddThis Share Buttons generic via filter on wp_trim_excerpt --><\/p>\n","protected":false},"author":3,"featured_media":2916,"comment_status":"closed","ping_status":"open","sticky":false,"template":"","format":"standard","meta":{"footnotes":""},"categories":[7,18,13],"tags":[434,433,189,404,108],"class_list":["post-2915","post","type-post","status-publish","format-standard","has-post-thumbnail","hentry","category-arquivo-de-noticias","category-destaque","category-home","tag-defesa-de-direitos","tag-professores-do-unibrasil","tag-reforma-trabalhista","tag-sindicato","tag-unibrasil"],"_links":{"self":[{"href":"https:\/\/sinpes.org.br\/site\/wp-json\/wp\/v2\/posts\/2915","targetHints":{"allow":["GET"]}}],"collection":[{"href":"https:\/\/sinpes.org.br\/site\/wp-json\/wp\/v2\/posts"}],"about":[{"href":"https:\/\/sinpes.org.br\/site\/wp-json\/wp\/v2\/types\/post"}],"author":[{"embeddable":true,"href":"https:\/\/sinpes.org.br\/site\/wp-json\/wp\/v2\/users\/3"}],"replies":[{"embeddable":true,"href":"https:\/\/sinpes.org.br\/site\/wp-json\/wp\/v2\/comments?post=2915"}],"version-history":[{"count":1,"href":"https:\/\/sinpes.org.br\/site\/wp-json\/wp\/v2\/posts\/2915\/revisions"}],"predecessor-version":[{"id":2917,"href":"https:\/\/sinpes.org.br\/site\/wp-json\/wp\/v2\/posts\/2915\/revisions\/2917"}],"wp:featuredmedia":[{"embeddable":true,"href":"https:\/\/sinpes.org.br\/site\/wp-json\/wp\/v2\/media\/2916"}],"wp:attachment":[{"href":"https:\/\/sinpes.org.br\/site\/wp-json\/wp\/v2\/media?parent=2915"}],"wp:term":[{"taxonomy":"category","embeddable":true,"href":"https:\/\/sinpes.org.br\/site\/wp-json\/wp\/v2\/categories?post=2915"},{"taxonomy":"post_tag","embeddable":true,"href":"https:\/\/sinpes.org.br\/site\/wp-json\/wp\/v2\/tags?post=2915"}],"curies":[{"name":"wp","href":"https:\/\/api.w.org\/{rel}","templated":true}]}}