{"id":2890,"date":"2019-12-24T12:53:22","date_gmt":"2019-12-24T15:53:22","guid":{"rendered":"https:\/\/sinpes.org.br\/site\/?p=2890"},"modified":"2019-12-24T12:55:56","modified_gmt":"2019-12-24T15:55:56","slug":"justica-acolhe-pedido-do-sinpes-e-da-provimento-em-recurso-do-processo-da-faculdade-espirita","status":"publish","type":"post","link":"https:\/\/sinpes.org.br\/site\/justica-acolhe-pedido-do-sinpes-e-da-provimento-em-recurso-do-processo-da-faculdade-espirita\/","title":{"rendered":"Justi\u00e7a acolhe pedido do Sinpes e d\u00e1 provimento em recurso do processo da Faculdade Esp\u00edrita"},"content":{"rendered":"<p><a href=\"https:\/\/sinpes.org.br\/site\/wp-content\/uploads\/2019\/12\/IMG_20191218_112158927.jpg\"><img loading=\"lazy\" decoding=\"async\" class=\"aligncenter wp-image-2891\" src=\"https:\/\/sinpes.org.br\/site\/wp-content\/uploads\/2019\/12\/IMG_20191218_112158927-1024x576.jpg\" alt=\"\" width=\"537\" height=\"302\" srcset=\"https:\/\/sinpes.org.br\/site\/wp-content\/uploads\/2019\/12\/IMG_20191218_112158927-1024x576.jpg 1024w, https:\/\/sinpes.org.br\/site\/wp-content\/uploads\/2019\/12\/IMG_20191218_112158927-300x169.jpg 300w, https:\/\/sinpes.org.br\/site\/wp-content\/uploads\/2019\/12\/IMG_20191218_112158927-768x432.jpg 768w\" sizes=\"auto, (max-width: 537px) 100vw, 537px\" \/><\/a><\/p>\n<p>Na manh\u00e3 de quarta-feira, dia 18 de dezembro de 2019, no apagar das luzes do ano forense, a Sess\u00e3o Especializada no Tribunal Regional do Trabalho, atrav\u00e9s de voto proferido pelo Desembargador Archimedes Castro Campos J\u00fanior deu provimento a Agravo de Peti\u00e7\u00e3o interposto pelo Sinpes.<\/p>\n<p>Trata-se de processo ajuizado no ano de 2001, voltado para a cobran\u00e7a de FGTS em atraso e multas pelo n\u00e3o pagamento pontual de sal\u00e1rios, que beneficia cerca de 300 professores.<\/p>\n<p>A decis\u00e3o reformada impedia que o Sinpes prosseguisse a execu\u00e7\u00e3o dos valores devidos enquanto n\u00e3o juntasse procura\u00e7\u00e3o atualizada dos professores beneficiados na contram\u00e3o de jurisprud\u00eancia pacificada pelo STF, TST e pelo pr\u00f3prio TRT da 9\u00aa. Regi\u00e3o.<\/p>\n<p>Em face da decis\u00e3o o processo volta a tramitar pela Primeira Inst\u00e2ncia regularmente a partir do in\u00edcio do ano que vem. Agora o processo vai para o calculista complementar os c\u00e1lculos e, n\u00e3o havendo nenhum erro, os valores devem ent\u00e3o ser liberados proporcionalmente ao credito de cada professor. O total do valor devido atualizado supera o patamar de R$ 17.000.000,00, o que n\u00e3o permite o pagamento integral dos cr\u00e9ditos dos beneficiados pois a quantia at\u00e9 ent\u00e3o arrecadada com a venda de im\u00f3veis da Esp\u00edrita \u00e9 um pouco inferior.<\/p>\n<p>&nbsp;<\/p>\n<!-- AddThis Advanced Settings generic via filter on the_content --><!-- AddThis Share Buttons generic via filter on the_content -->","protected":false},"excerpt":{"rendered":"<p>Na manh\u00e3 de quarta-feira, dia 18 de dezembro de 2019, no apagar das luzes do ano forense, a Sess\u00e3o Especializada no Tribunal Regional do Trabalho, atrav\u00e9s de voto proferido pelo Desembargador Archimedes Castro Campos J\u00fanior deu provimento a Agravo de Peti\u00e7\u00e3o interposto pelo Sinpes. Trata-se de processo ajuizado no ano de 2001, voltado para a [&hellip;]<!-- AddThis Advanced Settings generic via filter on wp_trim_excerpt --><!-- AddThis Share Buttons generic via filter on wp_trim_excerpt --><\/p>\n","protected":false},"author":3,"featured_media":2891,"comment_status":"closed","ping_status":"open","sticky":false,"template":"","format":"standard","meta":{"footnotes":""},"categories":[7,18,3],"tags":[372,44,81,168,424,423,22],"class_list":["post-2890","post","type-post","status-publish","format-standard","has-post-thumbnail","hentry","category-arquivo-de-noticias","category-destaque","category-espirita","tag-direitos","tag-espirita","tag-ferias","tag-fgts","tag-multas","tag-processo","tag-professores"],"_links":{"self":[{"href":"https:\/\/sinpes.org.br\/site\/wp-json\/wp\/v2\/posts\/2890","targetHints":{"allow":["GET"]}}],"collection":[{"href":"https:\/\/sinpes.org.br\/site\/wp-json\/wp\/v2\/posts"}],"about":[{"href":"https:\/\/sinpes.org.br\/site\/wp-json\/wp\/v2\/types\/post"}],"author":[{"embeddable":true,"href":"https:\/\/sinpes.org.br\/site\/wp-json\/wp\/v2\/users\/3"}],"replies":[{"embeddable":true,"href":"https:\/\/sinpes.org.br\/site\/wp-json\/wp\/v2\/comments?post=2890"}],"version-history":[{"count":1,"href":"https:\/\/sinpes.org.br\/site\/wp-json\/wp\/v2\/posts\/2890\/revisions"}],"predecessor-version":[{"id":2892,"href":"https:\/\/sinpes.org.br\/site\/wp-json\/wp\/v2\/posts\/2890\/revisions\/2892"}],"wp:featuredmedia":[{"embeddable":true,"href":"https:\/\/sinpes.org.br\/site\/wp-json\/wp\/v2\/media\/2891"}],"wp:attachment":[{"href":"https:\/\/sinpes.org.br\/site\/wp-json\/wp\/v2\/media?parent=2890"}],"wp:term":[{"taxonomy":"category","embeddable":true,"href":"https:\/\/sinpes.org.br\/site\/wp-json\/wp\/v2\/categories?post=2890"},{"taxonomy":"post_tag","embeddable":true,"href":"https:\/\/sinpes.org.br\/site\/wp-json\/wp\/v2\/tags?post=2890"}],"curies":[{"name":"wp","href":"https:\/\/api.w.org\/{rel}","templated":true}]}}