{"id":2882,"date":"2019-12-10T13:48:05","date_gmt":"2019-12-10T16:48:05","guid":{"rendered":"https:\/\/sinpes.org.br\/site\/?p=2882"},"modified":"2019-12-10T13:48:05","modified_gmt":"2019-12-10T16:48:05","slug":"centro-academico-de-direito-alaercio-cardoso-lanca-nota-de-repudio-contra-demissoes-na-puc-maringa","status":"publish","type":"post","link":"https:\/\/sinpes.org.br\/site\/centro-academico-de-direito-alaercio-cardoso-lanca-nota-de-repudio-contra-demissoes-na-puc-maringa\/","title":{"rendered":"Centro Acad\u00eamico de Direito Al\u00e1ercio Cardoso lan\u00e7a nota de rep\u00fadio contra demiss\u00f5es na PUC Maring\u00e1"},"content":{"rendered":"<p>O Centro Acad\u00eamico de Direito Al\u00e1ercio Cardoso (CAAC), do curso de Direito da PUC em Maring\u00e1, tamb\u00e9m publicou uma nota de rep\u00fadio contra o tratamento dispensado pela universidade aos seus professores, al\u00e9m de constantes demiss\u00f5es no quadro de docentes.<br \/>\nConfira a nota:<\/p>\n<p><a href=\"https:\/\/sinpes.org.br\/site\/wp-content\/uploads\/2019\/12\/78407241_2758780444202341_7377412908558319616_o.jpg\"><img loading=\"lazy\" decoding=\"async\" class=\"aligncenter size-full wp-image-2883\" src=\"https:\/\/sinpes.org.br\/site\/wp-content\/uploads\/2019\/12\/78407241_2758780444202341_7377412908558319616_o.jpg\" alt=\"\" width=\"768\" height=\"960\" srcset=\"https:\/\/sinpes.org.br\/site\/wp-content\/uploads\/2019\/12\/78407241_2758780444202341_7377412908558319616_o.jpg 768w, https:\/\/sinpes.org.br\/site\/wp-content\/uploads\/2019\/12\/78407241_2758780444202341_7377412908558319616_o-240x300.jpg 240w\" sizes=\"auto, (max-width: 768px) 100vw, 768px\" \/><\/a><\/p>\n<p><a href=\"https:\/\/sinpes.org.br\/site\/wp-content\/uploads\/2019\/12\/78629244_2758780524202333_1549140183352344576_o.jpg\"><img loading=\"lazy\" decoding=\"async\" class=\"aligncenter size-full wp-image-2884\" src=\"https:\/\/sinpes.org.br\/site\/wp-content\/uploads\/2019\/12\/78629244_2758780524202333_1549140183352344576_o.jpg\" alt=\"\" width=\"768\" height=\"960\" srcset=\"https:\/\/sinpes.org.br\/site\/wp-content\/uploads\/2019\/12\/78629244_2758780524202333_1549140183352344576_o.jpg 768w, https:\/\/sinpes.org.br\/site\/wp-content\/uploads\/2019\/12\/78629244_2758780524202333_1549140183352344576_o-240x300.jpg 240w\" sizes=\"auto, (max-width: 768px) 100vw, 768px\" \/><\/a><\/p>\n<p><a href=\"https:\/\/sinpes.org.br\/site\/wp-content\/uploads\/2019\/12\/78414007_2758780584202327_2551660037856559104_o.jpg\"><img loading=\"lazy\" decoding=\"async\" class=\"aligncenter size-full wp-image-2885\" src=\"https:\/\/sinpes.org.br\/site\/wp-content\/uploads\/2019\/12\/78414007_2758780584202327_2551660037856559104_o.jpg\" alt=\"\" width=\"768\" height=\"960\" srcset=\"https:\/\/sinpes.org.br\/site\/wp-content\/uploads\/2019\/12\/78414007_2758780584202327_2551660037856559104_o.jpg 768w, https:\/\/sinpes.org.br\/site\/wp-content\/uploads\/2019\/12\/78414007_2758780584202327_2551660037856559104_o-240x300.jpg 240w\" sizes=\"auto, (max-width: 768px) 100vw, 768px\" \/><\/a><\/p>\n<!-- AddThis Advanced Settings generic via filter on the_content --><!-- AddThis Share Buttons generic via filter on the_content -->","protected":false},"excerpt":{"rendered":"<p>O Centro Acad\u00eamico de Direito Al\u00e1ercio Cardoso (CAAC), do curso de Direito da PUC em Maring\u00e1, tamb\u00e9m publicou uma nota de rep\u00fadio contra o tratamento dispensado pela universidade aos seus professores, al\u00e9m de constantes demiss\u00f5es no quadro de docentes. Confira a nota:<!-- AddThis Advanced Settings generic via filter on wp_trim_excerpt --><!-- AddThis Share Buttons generic via filter on wp_trim_excerpt --><\/p>\n","protected":false},"author":3,"featured_media":2883,"comment_status":"closed","ping_status":"open","sticky":false,"template":"","format":"standard","meta":{"footnotes":""},"categories":[7,18,2],"tags":[422,421,366,22,61,420],"class_list":["post-2882","post","type-post","status-publish","format-standard","has-post-thumbnail","hentry","category-arquivo-de-noticias","category-destaque","category-puc","tag-alunos","tag-centro-academico","tag-demissoes","tag-professores","tag-puc","tag-puc-maringa"],"_links":{"self":[{"href":"https:\/\/sinpes.org.br\/site\/wp-json\/wp\/v2\/posts\/2882","targetHints":{"allow":["GET"]}}],"collection":[{"href":"https:\/\/sinpes.org.br\/site\/wp-json\/wp\/v2\/posts"}],"about":[{"href":"https:\/\/sinpes.org.br\/site\/wp-json\/wp\/v2\/types\/post"}],"author":[{"embeddable":true,"href":"https:\/\/sinpes.org.br\/site\/wp-json\/wp\/v2\/users\/3"}],"replies":[{"embeddable":true,"href":"https:\/\/sinpes.org.br\/site\/wp-json\/wp\/v2\/comments?post=2882"}],"version-history":[{"count":1,"href":"https:\/\/sinpes.org.br\/site\/wp-json\/wp\/v2\/posts\/2882\/revisions"}],"predecessor-version":[{"id":2886,"href":"https:\/\/sinpes.org.br\/site\/wp-json\/wp\/v2\/posts\/2882\/revisions\/2886"}],"wp:featuredmedia":[{"embeddable":true,"href":"https:\/\/sinpes.org.br\/site\/wp-json\/wp\/v2\/media\/2883"}],"wp:attachment":[{"href":"https:\/\/sinpes.org.br\/site\/wp-json\/wp\/v2\/media?parent=2882"}],"wp:term":[{"taxonomy":"category","embeddable":true,"href":"https:\/\/sinpes.org.br\/site\/wp-json\/wp\/v2\/categories?post=2882"},{"taxonomy":"post_tag","embeddable":true,"href":"https:\/\/sinpes.org.br\/site\/wp-json\/wp\/v2\/tags?post=2882"}],"curies":[{"name":"wp","href":"https:\/\/api.w.org\/{rel}","templated":true}]}}