{"id":2865,"date":"2019-12-06T11:28:46","date_gmt":"2019-12-06T14:28:46","guid":{"rendered":"https:\/\/sinpes.org.br\/site\/?p=2865"},"modified":"2019-12-06T11:28:46","modified_gmt":"2019-12-06T14:28:46","slug":"reclamacoes-no-unicuritiba","status":"publish","type":"post","link":"https:\/\/sinpes.org.br\/site\/reclamacoes-no-unicuritiba\/","title":{"rendered":"Reclama\u00e7\u00f5es no Unicuritiba"},"content":{"rendered":"<p><a href=\"https:\/\/sinpes.org.br\/site\/wp-content\/uploads\/2019\/12\/XXV-6450-600-450-80.jpg\"><img loading=\"lazy\" decoding=\"async\" class=\"aligncenter size-full wp-image-2866\" src=\"https:\/\/sinpes.org.br\/site\/wp-content\/uploads\/2019\/12\/XXV-6450-600-450-80.jpg\" alt=\"\" width=\"600\" height=\"400\" srcset=\"https:\/\/sinpes.org.br\/site\/wp-content\/uploads\/2019\/12\/XXV-6450-600-450-80.jpg 600w, https:\/\/sinpes.org.br\/site\/wp-content\/uploads\/2019\/12\/XXV-6450-600-450-80-300x200.jpg 300w\" sizes=\"auto, (max-width: 600px) 100vw, 600px\" \/><\/a><\/p>\n<p>O Sinpes recebeu den\u00fancia contra a atua\u00e7\u00e3o de Andr\u00e9 Luis Gontijo Resende (Pr\u00f3-Reitor Acad\u00eamico) e Dennys Robson Girardi (Procurador Institucional e Coordenador Geral de Gradua\u00e7\u00e3o) no \u00e2mbito da Unicuritiba.<\/p>\n<p>Segundo relato recebido pelo sindicato, as reclama\u00e7\u00f5es t\u00eam rela\u00e7\u00e3o com a decis\u00e3o sobre a oferta de disciplinas optativas e de extens\u00e3o. \u201cDennys \u00e9 quem decide quais s\u00e3o as disciplinas relevantes para, por exemplo, serem ofertadas como optativas e como extens\u00e3o. Ocorre que ele n\u00e3o possui compet\u00eancia t\u00e9cnica para palpitar em mat\u00e9rias que fogem ao seu escopo\u201d, destaca a fonte cuja identidade \u00e9 preservada pelo Sinpes.<\/p>\n<p>Segundo o denunciante, no Unicuritiba foram realizadas obras de expans\u00e3o sem o devido estudo da demanda (salas e estacionamento). A iniciativa de tais obras seria de responsabilidade de Andr\u00e9 Gontijo.<\/p>\n<p>A duvidosa estrat\u00e9gia adotada para solucionar esse problema consiste em muitos recursos despendidos em propaganda e vestibular agendado no estilo &#8216;se n\u00e3o zerar passa&#8217;, o que n\u00e3o se coaduna com a tradi\u00e7\u00e3o dessa institui\u00e7\u00e3o de ensino superior!<\/p>\n<p>Gontijo saiu da FAE por volta de 2015 e levou com ele Dennys Girardi. Sua gest\u00e3o na Associa\u00e7\u00e3o Franciscana n\u00e3o deixou saudades segundo den\u00fancias \u00e0 \u00e9poca veiculadas pelo Didata n\u00famero 35 (que pode ser conferido no link: <a href=\"http:\/\/sinpes.org.br\/revistaeletronica\/edicoes\/didata35\/index.html\">http:\/\/sinpes.org.br\/revistaeletronica\/edicoes\/didata35\/index.html<\/a>), do ano de 2014.<\/p>\n<p>O Sinpes entrou em contato com o Unicuritiba solicitando uma nota de esclarecimento sobre as den\u00fancias trazidas nessa mat\u00e9ria, mas at\u00e9 a publica\u00e7\u00e3o do texto a universidade n\u00e3o havia respondido.<\/p>\n<p>&nbsp;<\/p>\n<p>&nbsp;<\/p>\n<!-- AddThis Advanced Settings generic via filter on the_content --><!-- AddThis Share Buttons generic via filter on the_content -->","protected":false},"excerpt":{"rendered":"<p>O Sinpes recebeu den\u00fancia contra a atua\u00e7\u00e3o de Andr\u00e9 Luis Gontijo Resende (Pr\u00f3-Reitor Acad\u00eamico) e Dennys Robson Girardi (Procurador Institucional e Coordenador Geral de Gradua\u00e7\u00e3o) no \u00e2mbito da Unicuritiba. Segundo relato recebido pelo sindicato, as reclama\u00e7\u00f5es t\u00eam rela\u00e7\u00e3o com a decis\u00e3o sobre a oferta de disciplinas optativas e de extens\u00e3o. \u201cDennys \u00e9 quem decide quais [&hellip;]<!-- AddThis Advanced Settings generic via filter on wp_trim_excerpt --><!-- AddThis Share Buttons generic via filter on wp_trim_excerpt --><\/p>\n","protected":false},"author":3,"featured_media":2866,"comment_status":"closed","ping_status":"open","sticky":false,"template":"","format":"standard","meta":{"footnotes":""},"categories":[7,18],"tags":[412,413,22,369],"class_list":["post-2865","post","type-post","status-publish","format-standard","has-post-thumbnail","hentry","category-arquivo-de-noticias","category-destaque","tag-assedio","tag-denuncia","tag-professores","tag-unicuritiba"],"_links":{"self":[{"href":"https:\/\/sinpes.org.br\/site\/wp-json\/wp\/v2\/posts\/2865","targetHints":{"allow":["GET"]}}],"collection":[{"href":"https:\/\/sinpes.org.br\/site\/wp-json\/wp\/v2\/posts"}],"about":[{"href":"https:\/\/sinpes.org.br\/site\/wp-json\/wp\/v2\/types\/post"}],"author":[{"embeddable":true,"href":"https:\/\/sinpes.org.br\/site\/wp-json\/wp\/v2\/users\/3"}],"replies":[{"embeddable":true,"href":"https:\/\/sinpes.org.br\/site\/wp-json\/wp\/v2\/comments?post=2865"}],"version-history":[{"count":1,"href":"https:\/\/sinpes.org.br\/site\/wp-json\/wp\/v2\/posts\/2865\/revisions"}],"predecessor-version":[{"id":2867,"href":"https:\/\/sinpes.org.br\/site\/wp-json\/wp\/v2\/posts\/2865\/revisions\/2867"}],"wp:featuredmedia":[{"embeddable":true,"href":"https:\/\/sinpes.org.br\/site\/wp-json\/wp\/v2\/media\/2866"}],"wp:attachment":[{"href":"https:\/\/sinpes.org.br\/site\/wp-json\/wp\/v2\/media?parent=2865"}],"wp:term":[{"taxonomy":"category","embeddable":true,"href":"https:\/\/sinpes.org.br\/site\/wp-json\/wp\/v2\/categories?post=2865"},{"taxonomy":"post_tag","embeddable":true,"href":"https:\/\/sinpes.org.br\/site\/wp-json\/wp\/v2\/tags?post=2865"}],"curies":[{"name":"wp","href":"https:\/\/api.w.org\/{rel}","templated":true}]}}