{"id":2854,"date":"2019-11-28T09:42:17","date_gmt":"2019-11-28T12:42:17","guid":{"rendered":"https:\/\/sinpes.org.br\/site\/?p=2854"},"modified":"2019-11-28T11:49:18","modified_gmt":"2019-11-28T14:49:18","slug":"homologado-acordo-entre-fesp-e-sinpes","status":"publish","type":"post","link":"https:\/\/sinpes.org.br\/site\/homologado-acordo-entre-fesp-e-sinpes\/","title":{"rendered":"HOMOLOGADO ACORDO ENTRE FESP E SINPES"},"content":{"rendered":"<div id=\"attachment_2856\" style=\"width: 730px\" class=\"wp-caption aligncenter\"><a href=\"https:\/\/sinpes.org.br\/site\/wp-content\/uploads\/2019\/11\/IMG_0697.jpg\"><img loading=\"lazy\" decoding=\"async\" aria-describedby=\"caption-attachment-2856\" class=\" wp-image-2856\" src=\"https:\/\/sinpes.org.br\/site\/wp-content\/uploads\/2019\/11\/IMG_0697-1024x768.jpg\" alt=\"\" width=\"720\" height=\"540\" srcset=\"https:\/\/sinpes.org.br\/site\/wp-content\/uploads\/2019\/11\/IMG_0697-1024x768.jpg 1024w, https:\/\/sinpes.org.br\/site\/wp-content\/uploads\/2019\/11\/IMG_0697-300x225.jpg 300w, https:\/\/sinpes.org.br\/site\/wp-content\/uploads\/2019\/11\/IMG_0697-768x576.jpg 768w\" sizes=\"auto, (max-width: 720px) 100vw, 720px\" \/><\/a><p id=\"caption-attachment-2856\" class=\"wp-caption-text\">Depois de diversas reuni\u00f5es e assembleia, os professores da Fesp aprovaram o novo acordo.<\/p><\/div>\n<p>O Dr. Lourival Bar\u00e3o Marques Filho, Juiz da 18\u00aa Vara do Trabalho de Curitiba homologou acordo negociado entre o SINPES e a FESP, ap\u00f3s seu conte\u00fado ter sido aprimorado por iniciativa dos professores reunidos em assembleia geral iniciada no dia 21.11.2019 \u00e0s 18h30min na FESP e prorrogada por tempo determinado at\u00e9 26 de novembro de 2019.<\/p>\n<p>Os professores da FESP detectaram disparidade nas faixas salariais estabelecidas para pagamento proporcional dos sal\u00e1rios at\u00e9 31.07.2020 no texto originariamente elaborado.<\/p>\n<p>Em negocia\u00e7\u00e3o complementar, realizada exaustivamente no dia seguinte, as discrep\u00e2ncias foram minimizadas a partir dos sal\u00e1rios referentes ao m\u00eas de dezembro de 2019. Esse decisivo passo foi poss\u00edvel gra\u00e7as ao esfor\u00e7o da comiss\u00e3o designada pela assembleia geral para promover a adequa\u00e7\u00e3o necess\u00e1ria ao texto original, dos dirigentes do Sinpes envolvidos e da Presid\u00eancia da FESP.<\/p>\n<div id=\"attachment_2858\" style=\"width: 740px\" class=\"wp-caption aligncenter\"><a href=\"https:\/\/sinpes.org.br\/site\/wp-content\/uploads\/2019\/11\/IMG_0696.jpg\"><img loading=\"lazy\" decoding=\"async\" aria-describedby=\"caption-attachment-2858\" class=\" wp-image-2858\" src=\"https:\/\/sinpes.org.br\/site\/wp-content\/uploads\/2019\/11\/IMG_0696-1024x768.jpg\" alt=\"\" width=\"730\" height=\"547\" srcset=\"https:\/\/sinpes.org.br\/site\/wp-content\/uploads\/2019\/11\/IMG_0696-1024x768.jpg 1024w, https:\/\/sinpes.org.br\/site\/wp-content\/uploads\/2019\/11\/IMG_0696-300x225.jpg 300w, https:\/\/sinpes.org.br\/site\/wp-content\/uploads\/2019\/11\/IMG_0696-768x576.jpg 768w\" sizes=\"auto, (max-width: 730px) 100vw, 730px\" \/><\/a><p id=\"caption-attachment-2858\" class=\"wp-caption-text\">Assembleia com professores da Fesp para esclarecimentos sobre a minuta do acordo<\/p><\/div>\n<p>Dos 129 professores em tese afetados com o ajuste, 46 participaram do plebiscito, cujo resultado foi o seguinte: 42 votos favor\u00e1veis, 3 contr\u00e1rios e uma absten\u00e7\u00e3o.<\/p>\n<p>Come\u00e7a agora a negocia\u00e7\u00e3o de um novo plano de cargos e sal\u00e1rios com o objetivo de diminuir as discrep\u00e2ncias salariais existentes entre os professores, com vig\u00eancia prevista a partir de 01.08.2019 depois de elaborado por comiss\u00e3o parit\u00e1ria indicada pelo Sinpes e pela FESP e aprovado por nova assembleia geral.<\/p>\n<p>Entre as fun\u00e7\u00f5es preconizadas para essa comiss\u00e3o est\u00e1 sugerir medidas de racionaliza\u00e7\u00e3o de gastos e de conten\u00e7\u00e3o de despesas que permitam preservar o m\u00e1ximo poss\u00edvel o emprego e a remunera\u00e7\u00e3o dos professores da FESP.<\/p>\n<p>Os professores interessados em participar dessa comiss\u00e3o ou que simplesmente tenham sugest\u00f5es de medidas a serem adotadas por ela devem entrar em contato com o Sinpes pelo e-mail <a href=\"mailto:sinpes@sinpes.org.br\">sinpes@sinpes.org.br<\/a> ou pelo telefone 3225-1041. Permanecer\u00e1 funcionando o grupo de WhatsApp com id\u00eanticos objetivos. A ades\u00e3o ao grupo pode ser feita mediante solicita\u00e7\u00e3o pelo e-mail ou pelo telefone acima.<\/p>\n<p>Veja o texto integral do acordo homologado no site do Sinpes no endere\u00e7o <a href=\"http:\/\/www.sinpes.org.br\">www.sinpes.org.br<\/a>.<\/p>\n<p>O Sinpes enaltece o grau de politiza\u00e7\u00e3o, a maturidade e o esp\u00edrito coletivo dos professores da FESP, qualidades que foram imprescind\u00edveis para que se chegasse a um denominador comum neste doloroso momento.<\/p>\n<p>&nbsp;<\/p>\n<p>&nbsp;<\/p>\n<!-- AddThis Advanced Settings generic via filter on the_content --><!-- AddThis Share Buttons generic via filter on the_content -->","protected":false},"excerpt":{"rendered":"<p>O Dr. Lourival Bar\u00e3o Marques Filho, Juiz da 18\u00aa Vara do Trabalho de Curitiba homologou acordo negociado entre o SINPES e a FESP, ap\u00f3s seu conte\u00fado ter sido aprimorado por iniciativa dos professores reunidos em assembleia geral iniciada no dia 21.11.2019 \u00e0s 18h30min na FESP e prorrogada por tempo determinado at\u00e9 26 de novembro de [&hellip;]<!-- AddThis Advanced Settings generic via filter on wp_trim_excerpt --><!-- AddThis Share Buttons generic via filter on wp_trim_excerpt --><\/p>\n","protected":false},"author":3,"featured_media":0,"comment_status":"closed","ping_status":"open","sticky":false,"template":"","format":"standard","meta":{"footnotes":""},"categories":[7,18,13],"tags":[39,344,116,22,284],"class_list":["post-2854","post","type-post","status-publish","format-standard","hentry","category-arquivo-de-noticias","category-destaque","category-home","tag-acordo","tag-fesp","tag-negociacao","tag-professores","tag-salarios-em-atraso"],"_links":{"self":[{"href":"https:\/\/sinpes.org.br\/site\/wp-json\/wp\/v2\/posts\/2854","targetHints":{"allow":["GET"]}}],"collection":[{"href":"https:\/\/sinpes.org.br\/site\/wp-json\/wp\/v2\/posts"}],"about":[{"href":"https:\/\/sinpes.org.br\/site\/wp-json\/wp\/v2\/types\/post"}],"author":[{"embeddable":true,"href":"https:\/\/sinpes.org.br\/site\/wp-json\/wp\/v2\/users\/3"}],"replies":[{"embeddable":true,"href":"https:\/\/sinpes.org.br\/site\/wp-json\/wp\/v2\/comments?post=2854"}],"version-history":[{"count":3,"href":"https:\/\/sinpes.org.br\/site\/wp-json\/wp\/v2\/posts\/2854\/revisions"}],"predecessor-version":[{"id":2859,"href":"https:\/\/sinpes.org.br\/site\/wp-json\/wp\/v2\/posts\/2854\/revisions\/2859"}],"wp:attachment":[{"href":"https:\/\/sinpes.org.br\/site\/wp-json\/wp\/v2\/media?parent=2854"}],"wp:term":[{"taxonomy":"category","embeddable":true,"href":"https:\/\/sinpes.org.br\/site\/wp-json\/wp\/v2\/categories?post=2854"},{"taxonomy":"post_tag","embeddable":true,"href":"https:\/\/sinpes.org.br\/site\/wp-json\/wp\/v2\/tags?post=2854"}],"curies":[{"name":"wp","href":"https:\/\/api.w.org\/{rel}","templated":true}]}}