{"id":2840,"date":"2019-11-20T14:28:27","date_gmt":"2019-11-20T17:28:27","guid":{"rendered":"https:\/\/sinpes.org.br\/site\/?p=2840"},"modified":"2019-11-20T15:32:55","modified_gmt":"2019-11-20T18:32:55","slug":"estudantes-da-estacio-protestam-contra-demissoes-de-professores","status":"publish","type":"post","link":"https:\/\/sinpes.org.br\/site\/estudantes-da-estacio-protestam-contra-demissoes-de-professores\/","title":{"rendered":"Estudantes da Est\u00e1cio protestam contra demiss\u00f5es de professores"},"content":{"rendered":"<p><a href=\"https:\/\/sinpes.org.br\/site\/wp-content\/uploads\/2019\/11\/Sem-t\u00edtulo.png\"><img loading=\"lazy\" decoding=\"async\" class=\"aligncenter wp-image-2841\" src=\"https:\/\/sinpes.org.br\/site\/wp-content\/uploads\/2019\/11\/Sem-t\u00edtulo-1024x478.png\" alt=\"\" width=\"816\" height=\"381\" srcset=\"https:\/\/sinpes.org.br\/site\/wp-content\/uploads\/2019\/11\/Sem-t\u00edtulo-1024x478.png 1024w, https:\/\/sinpes.org.br\/site\/wp-content\/uploads\/2019\/11\/Sem-t\u00edtulo-300x140.png 300w, https:\/\/sinpes.org.br\/site\/wp-content\/uploads\/2019\/11\/Sem-t\u00edtulo-768x358.png 768w, https:\/\/sinpes.org.br\/site\/wp-content\/uploads\/2019\/11\/Sem-t\u00edtulo.png 1421w\" sizes=\"auto, (max-width: 816px) 100vw, 816px\" \/><\/a><\/p>\n<p>Dezenas de alunos da Faculdade Est\u00e1cio realizaram um protesto na noite da \u00faltima quinta-feira (14). O ato, que aconteceu em frente ao campus do Cristo Rei, teve diversas motiva\u00e7\u00f5es. Entre elas o objetivo evitar demiss\u00f5es de professores ao final desse semestre letivo. Segundo os estudantes, mais de 20 docentes foram demitidos apenas em 2019 e a manifesta\u00e7\u00e3o teve objetivo preventivo.<\/p>\n<p>Os acad\u00eamicos denunciaram a falta de continuidade de professores em algumas disciplinas e ressaltaram o qu\u00e3o prejudicial \u00e9 para eles perderem docentes e orientadores ao final de cada semestre.<\/p>\n<p>Para o Sinpes, a demiss\u00e3o coletiva temida pelos estudantes, se ocorrer, ser\u00e1 mais um reflexo nefasto da inser\u00e7\u00e3o do artigo 477-A na CLT por ocasi\u00e3o da \u201creforma trabalhista\u201d. Esse preceito legal equiparou dispensas \u201cindividuais, pl\u00farimas ou coletivas\u201d, dispensando negocia\u00e7\u00e3o com o sindicato da categoria na \u00faltima hip\u00f3tese.<\/p>\n<p>Ocorre que o entendimento predominante no Tribunal Superior do Trabalho \u00e9 no sentido de que a necessidade de acordo coletivo que regulamente os efeitos da despedida coletiva n\u00e3o decorre de lei ordin\u00e1ria, mas de preceitos constitucionais, n\u00e3o afetados pela \u201creforma trabalhista\u201d.<\/p>\n<p>Da\u00ed porque defens\u00e1vel o posicionamento que repudia a constitucionalidade do artigo 477-A, podendo ser decretada nula demiss\u00e3o coletiva que porventura ocorrer sem negocia\u00e7\u00e3o coletiva pr\u00e9via nem fixa\u00e7\u00e3o de indeniza\u00e7\u00e3o compensat\u00f3ria.<\/p>\n<p>Por essas e por outras, causa esp\u00e9cie que ainda existam pessoas que afirmem sem enrubescer, especialmente em per\u00edodos eleitorais, que a \u201creforma trabalhista\u201d n\u00e3o retirou direitos dos trabalhadores.<\/p>\n<p>Em resposta aos questionamentos do Sinpes sobre os problemas que motivaram os protestos dos estudantes, a assessoria de imprensa da Est\u00e1cio encaminhou a seguinte nota:<\/p>\n<p style=\"font-weight: 400;\"><em>A faculdade entende que \u00e9 saud\u00e1vel e democr\u00e1tico este tipo de movimento, desde que seja organizado de uma forma pac\u00edfica e respeitosa. A institui\u00e7\u00e3o reafirma seu compromisso com seus estudantes e j\u00e1 est\u00e1 avaliando todos os pontos reivindicados. A dire\u00e7\u00e3o do campus recebeu uma comiss\u00e3o de alunos na \u00faltima quarta-feira (13) e continuar\u00e1 mantendo o di\u00e1logo, sempre com o objetivo de proporcionar as melhores condi\u00e7\u00f5es de ensino e atendimento.<\/em><\/p>\n<p style=\"font-weight: 400;\"><em>A institui\u00e7\u00e3o esclarece que tem um projeto pedag\u00f3gico inovador, os curr\u00edculos est\u00e3o alinhados \u00e0s necessidades do mercado de trabalho e que o corpo docente \u00e9 formado por mestres e doutores em sua maioria. Refor\u00e7amos que nosso principal compromisso \u00e9 com a qualidade acad\u00eamica.<\/em><\/p>\n<!-- AddThis Advanced Settings generic via filter on the_content --><!-- AddThis Share Buttons generic via filter on the_content -->","protected":false},"excerpt":{"rendered":"<p>Dezenas de alunos da Faculdade Est\u00e1cio realizaram um protesto na noite da \u00faltima quinta-feira (14). O ato, que aconteceu em frente ao campus do Cristo Rei, teve diversas motiva\u00e7\u00f5es. Entre elas o objetivo evitar demiss\u00f5es de professores ao final desse semestre letivo. Segundo os estudantes, mais de 20 docentes foram demitidos apenas em 2019 e [&hellip;]<!-- AddThis Advanced Settings generic via filter on wp_trim_excerpt --><!-- AddThis Share Buttons generic via filter on wp_trim_excerpt --><\/p>\n","protected":false},"author":3,"featured_media":2841,"comment_status":"closed","ping_status":"open","sticky":false,"template":"","format":"standard","meta":{"footnotes":""},"categories":[7,18],"tags":[366,238,241,408],"class_list":["post-2840","post","type-post","status-publish","format-standard","has-post-thumbnail","hentry","category-arquivo-de-noticias","category-destaque","tag-demissoes","tag-estacio","tag-faculdade-estacio","tag-manifestacao"],"_links":{"self":[{"href":"https:\/\/sinpes.org.br\/site\/wp-json\/wp\/v2\/posts\/2840","targetHints":{"allow":["GET"]}}],"collection":[{"href":"https:\/\/sinpes.org.br\/site\/wp-json\/wp\/v2\/posts"}],"about":[{"href":"https:\/\/sinpes.org.br\/site\/wp-json\/wp\/v2\/types\/post"}],"author":[{"embeddable":true,"href":"https:\/\/sinpes.org.br\/site\/wp-json\/wp\/v2\/users\/3"}],"replies":[{"embeddable":true,"href":"https:\/\/sinpes.org.br\/site\/wp-json\/wp\/v2\/comments?post=2840"}],"version-history":[{"count":2,"href":"https:\/\/sinpes.org.br\/site\/wp-json\/wp\/v2\/posts\/2840\/revisions"}],"predecessor-version":[{"id":2843,"href":"https:\/\/sinpes.org.br\/site\/wp-json\/wp\/v2\/posts\/2840\/revisions\/2843"}],"wp:featuredmedia":[{"embeddable":true,"href":"https:\/\/sinpes.org.br\/site\/wp-json\/wp\/v2\/media\/2841"}],"wp:attachment":[{"href":"https:\/\/sinpes.org.br\/site\/wp-json\/wp\/v2\/media?parent=2840"}],"wp:term":[{"taxonomy":"category","embeddable":true,"href":"https:\/\/sinpes.org.br\/site\/wp-json\/wp\/v2\/categories?post=2840"},{"taxonomy":"post_tag","embeddable":true,"href":"https:\/\/sinpes.org.br\/site\/wp-json\/wp\/v2\/tags?post=2840"}],"curies":[{"name":"wp","href":"https:\/\/api.w.org\/{rel}","templated":true}]}}