{"id":2819,"date":"2019-11-14T14:01:29","date_gmt":"2019-11-14T17:01:29","guid":{"rendered":"https:\/\/sinpes.org.br\/site\/?p=2819"},"modified":"2019-11-14T14:01:29","modified_gmt":"2019-11-14T17:01:29","slug":"sinpes-garante-integracao-no-salario-sonegada-pela-pucpr-das-verbas-pagas-em-cursos-de-especializacao","status":"publish","type":"post","link":"https:\/\/sinpes.org.br\/site\/sinpes-garante-integracao-no-salario-sonegada-pela-pucpr-das-verbas-pagas-em-cursos-de-especializacao\/","title":{"rendered":"SINPES GARANTE INTEGRA\u00c7\u00c3O NO SAL\u00c1RIO SONEGADA PELA PUCPR DAS VERBAS PAGAS EM CURSOS DE ESPECIALIZA\u00c7\u00c3O"},"content":{"rendered":"<p>Em sess\u00e3o realizada no dia 13 de novembro de 2019, a 3\u00aa Turma do Tribunal Regional do Trabalho do Paran\u00e1 confirmou senten\u00e7a prolatada pela primeira Vara do Trabalho de Curitiba, que reconheceu o car\u00e1ter salarial dos valores pagos em contrapresta\u00e7\u00e3o ao labor realizados pelos professores da PUCPR no \u00e2mbito dos cursos de especializa\u00e7\u00e3o (Autos 0002098-40.2017.5.09.0016).<\/p>\n<p>Isso significa que aqueles professores que lecionam ou lecionaram no \u00e2mbito da p\u00f3s-gradua\u00e7\u00e3o em sentido lato (cursos de Especializa\u00e7\u00e3o) desde novembro de 2012 ter\u00e3o integrados nos sal\u00e1rios para todos os efeitos legais tais como c\u00e1lculo de repousos semanais remunerados (1\/6), hora atividade (12%), quinqu\u00eanios, tri\u00eanios, aviso pr\u00e9vio, f\u00e9rias, e 13\u00ba sal\u00e1rio.<\/p>\n<p>Da decis\u00e3o ainda cabe recurso para o Tribunal Superior do Trabalho. Todavia em se tratando de mat\u00e9ria de fato a possibilidade de reforma do julgado em favor da Associa\u00e7\u00e3o Paranaense de Cultura \u00e9 remota.<\/p>\n<p>Mesmo com recurso para a inst\u00e2ncia superior, j\u00e1 \u00e9 poss\u00edvel iniciar a execu\u00e7\u00e3o provis\u00f3ria do julgado, quantificando os valores devidos e promovendo a penhora de bens que garantam o cumprimento futuro da decis\u00e3o.<\/p>\n<!-- AddThis Advanced Settings generic via filter on the_content --><!-- AddThis Share Buttons generic via filter on the_content -->","protected":false},"excerpt":{"rendered":"<p>Em sess\u00e3o realizada no dia 13 de novembro de 2019, a 3\u00aa Turma do Tribunal Regional do Trabalho do Paran\u00e1 confirmou senten\u00e7a prolatada pela primeira Vara do Trabalho de Curitiba, que reconheceu o car\u00e1ter salarial dos valores pagos em contrapresta\u00e7\u00e3o ao labor realizados pelos professores da PUCPR no \u00e2mbito dos cursos de especializa\u00e7\u00e3o (Autos 0002098-40.2017.5.09.0016). [&hellip;]<!-- AddThis Advanced Settings generic via filter on wp_trim_excerpt --><!-- AddThis Share Buttons generic via filter on wp_trim_excerpt --><\/p>\n","protected":false},"author":3,"featured_media":0,"comment_status":"closed","ping_status":"open","sticky":false,"template":"","format":"standard","meta":{"footnotes":""},"categories":[7,18,2],"tags":[43,100,61,161],"class_list":["post-2819","post","type-post","status-publish","format-standard","hentry","category-arquivo-de-noticias","category-destaque","category-puc","tag-acoes","tag-acoes-coletivas","tag-puc","tag-trt"],"_links":{"self":[{"href":"https:\/\/sinpes.org.br\/site\/wp-json\/wp\/v2\/posts\/2819","targetHints":{"allow":["GET"]}}],"collection":[{"href":"https:\/\/sinpes.org.br\/site\/wp-json\/wp\/v2\/posts"}],"about":[{"href":"https:\/\/sinpes.org.br\/site\/wp-json\/wp\/v2\/types\/post"}],"author":[{"embeddable":true,"href":"https:\/\/sinpes.org.br\/site\/wp-json\/wp\/v2\/users\/3"}],"replies":[{"embeddable":true,"href":"https:\/\/sinpes.org.br\/site\/wp-json\/wp\/v2\/comments?post=2819"}],"version-history":[{"count":1,"href":"https:\/\/sinpes.org.br\/site\/wp-json\/wp\/v2\/posts\/2819\/revisions"}],"predecessor-version":[{"id":2820,"href":"https:\/\/sinpes.org.br\/site\/wp-json\/wp\/v2\/posts\/2819\/revisions\/2820"}],"wp:attachment":[{"href":"https:\/\/sinpes.org.br\/site\/wp-json\/wp\/v2\/media?parent=2819"}],"wp:term":[{"taxonomy":"category","embeddable":true,"href":"https:\/\/sinpes.org.br\/site\/wp-json\/wp\/v2\/categories?post=2819"},{"taxonomy":"post_tag","embeddable":true,"href":"https:\/\/sinpes.org.br\/site\/wp-json\/wp\/v2\/tags?post=2819"}],"curies":[{"name":"wp","href":"https:\/\/api.w.org\/{rel}","templated":true}]}}