{"id":2782,"date":"2019-10-30T13:37:04","date_gmt":"2019-10-30T16:37:04","guid":{"rendered":"https:\/\/sinpes.org.br\/site\/?p=2782"},"modified":"2019-10-31T16:28:26","modified_gmt":"2019-10-31T19:28:26","slug":"sinpes-convoca-para-assembleia-relativa-a-convencao-coletiva-2018-2020","status":"publish","type":"post","link":"https:\/\/sinpes.org.br\/site\/sinpes-convoca-para-assembleia-relativa-a-convencao-coletiva-2018-2020\/","title":{"rendered":"Sinpes convoca para Assembleia relativa \u00e0 Conven\u00e7\u00e3o Coletiva 2018\/2020"},"content":{"rendered":"<p><strong>FECHADA A CONVEN\u00c7\u00c3O COLETIVA 2018\/2020<\/strong><\/p>\n<p>Fechada a conven\u00e7\u00e3o coletiva da categoria dos professores do ensino superior de Curitiba e da Regi\u00e3o Metropolitana com previs\u00e3o de vig\u00eancia entre 1.09.2018 e 28.02.2020.<\/p>\n<div class=\"\" data-block=\"true\" data-editor=\"69rqi\" data-offset-key=\"59s8d-0-0\">\n<div class=\"_1mf _1mj\" data-offset-key=\"59s8d-0-0\"><span data-offset-key=\"59s8d-0-0\">Em tempos de negocia\u00e7\u00f5es em que, normalmente a corre\u00e7\u00e3o dos sal\u00e1rios fica abaixo no INPC, o SINPES conseguiu um reajuste acima do \u00edndice previsto para a data base da categoria. Enquanto o INPC para reajuste na data base \u00e9 de 2,88%, o SINPES conseguiu um reajuste de 3,56%. Essa diferen\u00e7a representa um \u00edndice superior em 23,61%, aquele previsto para reajuste na data base. Assim para saber seu sal\u00e1rio, ou o valor <\/span><span data-offset-key=\"59s8d-1-0\">da hora<\/span><span data-offset-key=\"59s8d-2-0\"> aula reajustados, basta multiplicar o sal\u00e1rio ou hora aula de fevereiro de 2018 &#8211; por 1,0356. O resultado ser\u00e1 o valor do seu sal\u00e1rio, ou <\/span><span data-offset-key=\"59s8d-3-0\">da hora<\/span><span data-offset-key=\"59s8d-4-0\"> aula j\u00e1 corrigidos.<\/span><\/div>\n<\/div>\n<div class=\"\" data-block=\"true\" data-editor=\"69rqi\" data-offset-key=\"aek5c-0-0\">\n<div class=\"_1mf _1mj\" data-offset-key=\"aek5c-0-0\"><span data-offset-key=\"aek5c-0-0\">\u00a0<\/span><\/div>\n<\/div>\n<div class=\"\" data-block=\"true\" data-editor=\"69rqi\" data-offset-key=\"fqo5v-0-0\">\n<div class=\"_1mf _1mj\" data-offset-key=\"fqo5v-0-0\"><span data-offset-key=\"fqo5v-0-0\">Exemplos<\/span><\/div>\n<\/div>\n<div class=\"\" data-block=\"true\" data-editor=\"69rqi\" data-offset-key=\"bp4na-0-0\">\n<div class=\"_1mf _1mj\" data-offset-key=\"bp4na-0-0\"><span data-offset-key=\"bp4na-0-0\">Sal\u00e1rio de R$ 1.500,00 em fevereiro de 2018<\/span><\/div>\n<\/div>\n<div class=\"\" data-block=\"true\" data-editor=\"69rqi\" data-offset-key=\"fens3-0-0\">\n<div class=\"_1mf _1mj\" data-offset-key=\"fens3-0-0\"><span data-offset-key=\"fens3-0-0\">1.500,00 \u00d7 1,0356 = sal\u00e1rio de R$ 1.553,40 em Janeiro de 2019.<\/span><\/div>\n<\/div>\n<div class=\"\" data-block=\"true\" data-editor=\"69rqi\" data-offset-key=\"cad99-0-0\">\n<div class=\"_1mf _1mj\" data-offset-key=\"cad99-0-0\"><span data-offset-key=\"cad99-0-0\">\u00a0<\/span><\/div>\n<\/div>\n<div class=\"\" data-block=\"true\" data-editor=\"69rqi\" data-offset-key=\"9s8qb-0-0\">\n<div class=\"_1mf _1mj\" data-offset-key=\"9s8qb-0-0\"><span data-offset-key=\"9s8qb-0-0\">Hora aula de R$ 30,00 em fevereiro de 2018<\/span><\/div>\n<\/div>\n<div class=\"\" data-block=\"true\" data-editor=\"69rqi\" data-offset-key=\"8tje1-0-0\">\n<div class=\"_1mf _1mj\" data-offset-key=\"8tje1-0-0\"><span data-offset-key=\"8tje1-0-0\">30,00 \u00d7 1,0356 = hora aula de R$ 31,07 em Janeiro de 2019. e um \u00edndice de reajuste em primeiro de fevereiro de 2019 superior em 23,61 % \u00e0 varia\u00e7\u00e3o do INPC (2,88%) para os 12 meses que sucedem ao \u00faltimo reajuste ocorrido em em fevereiro de 2018. <\/span><\/div>\n<\/div>\n<p>&nbsp;<\/p>\n<p><strong>Dentre as diversas novidades negociadas est\u00e3o:<\/strong><\/p>\n<p>&#8211; Retorno da data base para o dia primeiro de mar\u00e7o com garantia de reajuste m\u00ednimo da varia\u00e7\u00e3o do INPC para primeiro de mar\u00e7o de 2020;<\/p>\n<p>&#8211; Regula\u00e7\u00e3o condigna do ensino \u00e0 dist\u00e2ncia com garantia de piso salarial id\u00eantico ao estabelecido para o ensino presencial, de contrata\u00e7\u00e3o de profissionais para atividades pedag\u00f3gicas que tenham ader\u00eancia, capacidade t\u00e9cnico-pedag\u00f3gica e forma\u00e7\u00e3o acad\u00eamica de docente e de hora-atividade para o professor que corrigir provas e\/ou trabalhos ou preparar aulas e n\u00e3o receber com rubrica destacada para essas atividades;<\/p>\n<p>&#8211; Possibilidade de professor e empregador \u201crescindirem parcialmente\u201d o contrato de trabalho mediante pagamento de indeniza\u00e7\u00e3o equivalente \u00e0 devida em caso de rescis\u00e3o integral, observado o limite de 25% da carga hor\u00e1ria praticada e, quando a redu\u00e7\u00e3o for iniciativa do empregador, estabilidade no emprego com a carga reduzida por 12 meses mais manuten\u00e7\u00e3o da carga reduzida por 18 meses se n\u00e3o houver rompimento do contrato;<\/p>\n<p>&#8211; Estabelecimento de contribui\u00e7\u00e3o negocial equivalente a 1 dia de sal\u00e1rio do m\u00eas de novembro de 2019, com prazo de oposi\u00e7\u00e3o por 15 dias pelo n\u00e3o associado.<\/p>\n<p>A cereja do bolo dos empregadores, nossos quinqu\u00eanios, foi mantida intacta sem qualquer limita\u00e7\u00e3o! Todos os demais direitos sociais, incorporados historicamente ao patrim\u00f4nio jur\u00eddico dos professores, foram preservados.<\/p>\n<div class=\"\" data-block=\"true\" data-editor=\"71num\" data-offset-key=\"45a3g-0-0\">\n<div class=\"_1mf _1mj\" data-offset-key=\"45a3g-0-0\"><span data-offset-key=\"45a3g-0-0\">Venha manifestar sua concord\u00e2ncia ou discord\u00e2ncia na Assembleia Geral da Categoria no dia 04 de novembro de 2019 \u00e0s 18h00min na sede do Sinpes, Rua Marechal Deodoro 869, 6\u00ba andar, conforme Edital de Convoca\u00e7\u00e3o cujo fac s\u00edmile \u00e9 visualizado abaixo. TODOS \u00c0 ASSEMBLEIA GERAL!<\/span><\/div>\n<\/div>\n<div class=\"\" data-block=\"true\" data-editor=\"71num\" data-offset-key=\"amu41-0-0\">\n<div class=\"_1mf _1mj\" data-offset-key=\"amu41-0-0\"><span data-offset-key=\"amu41-0-0\">\u00a0<\/span><\/div>\n<\/div>\n<div class=\"\" data-block=\"true\" data-editor=\"71num\" data-offset-key=\"aulcl-0-0\">\n<div class=\"_1mf _1mj\" data-offset-key=\"aulcl-0-0\"><strong>EDITAL DE CONVOCA\u00c7\u00c3O<\/strong><\/div>\n<\/div>\n<div class=\"\" data-block=\"true\" data-editor=\"71num\" data-offset-key=\"7cj32-0-0\">\n<div class=\"_1mf _1mj\" data-offset-key=\"7cj32-0-0\"><\/div>\n<\/div>\n<div class=\"\" data-block=\"true\" data-editor=\"71num\" data-offset-key=\"9drjl-0-0\">\n<div class=\"_1mf _1mj\" data-offset-key=\"9drjl-0-0\"><span data-offset-key=\"9drjl-0-0\">O SINPES \u2013 Sindicato dos Professores de Ensino Superior de Curitiba e Regi\u00e3o Metropolitana \u2013 convoca a categoria (associados e n\u00e3o associados) para Assembleia Geral a ser realizada no dia 04 de novembro de 2019 \u00e0s 18h00min em primeira convoca\u00e7\u00e3o e 18h30mim em segunda convoca\u00e7\u00e3o, na sede do Sinpes, situada \u00e0 Rua Marechal Deodoro 869 conjunto 606, quando ser\u00e1 discutida a seguinte ordem do dia:<\/span><\/div>\n<\/div>\n<div class=\"\" data-block=\"true\" data-editor=\"71num\" data-offset-key=\"bclv-0-0\">\n<div class=\"_1mf _1mj\" data-offset-key=\"bclv-0-0\"><span data-offset-key=\"bclv-0-0\">\u00a0<\/span><\/div>\n<\/div>\n<div class=\"\" data-block=\"true\" data-editor=\"71num\" data-offset-key=\"9r4np-0-0\">\n<div class=\"_1mf _1mj\" data-offset-key=\"9r4np-0-0\"><span data-offset-key=\"9r4np-0-0\">\u00a0<\/span><\/div>\n<\/div>\n<div class=\"\" data-block=\"true\" data-editor=\"71num\" data-offset-key=\"b09ou-0-0\">\n<div class=\"_1mf _1mj\" data-offset-key=\"b09ou-0-0\"><span data-offset-key=\"b09ou-0-0\">1- An\u00e1lise da proposta patronal para celebra\u00e7\u00e3o de Conven\u00e7\u00e3o Coletiva de Trabalho correspondente ao per\u00edodo compreendido entre 1.09.2018 e 28.02.2020;<\/span><\/div>\n<\/div>\n<div class=\"\" data-block=\"true\" data-editor=\"71num\" data-offset-key=\"28ioa-0-0\">\n<div class=\"_1mf _1mj\" data-offset-key=\"28ioa-0-0\"><span data-offset-key=\"28ioa-0-0\">2- Aprova\u00e7\u00e3o ou Rejei\u00e7\u00e3o da proposta;<\/span><\/div>\n<\/div>\n<div class=\"\" data-block=\"true\" data-editor=\"71num\" data-offset-key=\"6viif-0-0\">\n<div class=\"_1mf _1mj\" data-offset-key=\"6viif-0-0\"><span data-offset-key=\"6viif-0-0\">3- Discuss\u00e3o e aprova\u00e7\u00e3o de medidas de mobiliza\u00e7\u00e3o para a hip\u00f3tese de rejei\u00e7\u00e3o da proposta;<\/span><\/div>\n<\/div>\n<div class=\"\" data-block=\"true\" data-editor=\"71num\" data-offset-key=\"dqc-0-0\">\n<div class=\"_1mf _1mj\" data-offset-key=\"dqc-0-0\"><span data-offset-key=\"dqc-0-0\">4- Aprova\u00e7\u00e3o de cobran\u00e7a de contribui\u00e7\u00e3o negocial para associados e n\u00e3o associados.<\/span><\/div>\n<\/div>\n<div class=\"\" data-block=\"true\" data-editor=\"71num\" data-offset-key=\"at8i7-0-0\">\n<div class=\"_1mf _1mj\" data-offset-key=\"at8i7-0-0\"><span data-offset-key=\"at8i7-0-0\">\u00a0<\/span><\/div>\n<\/div>\n<div class=\"\" data-block=\"true\" data-editor=\"71num\" data-offset-key=\"ao78m-0-0\">\n<div class=\"_1mf _1mj\" data-offset-key=\"ao78m-0-0\"><span data-offset-key=\"ao78m-0-0\">Curitiba, 29 de outubro de 2019.<\/span><\/div>\n<\/div>\n<div class=\"\" data-block=\"true\" data-editor=\"71num\" data-offset-key=\"cr8fn-0-0\">\n<div class=\"_1mf _1mj\" data-offset-key=\"cr8fn-0-0\"><span data-offset-key=\"cr8fn-0-0\">\u00a0<\/span><\/div>\n<\/div>\n<div class=\"\" data-block=\"true\" data-editor=\"71num\" data-offset-key=\"eh5iv-0-0\">\n<div class=\"_1mf _1mj\" data-offset-key=\"eh5iv-0-0\"><span data-offset-key=\"eh5iv-0-0\"> Valdyr Perrini<\/span><\/div>\n<\/div>\n<div class=\"\" data-block=\"true\" data-editor=\"71num\" data-offset-key=\"176kp-0-0\">\n<div class=\"_1mf _1mj\" data-offset-key=\"176kp-0-0\"><span data-offset-key=\"176kp-0-0\"> Presidente<\/span><\/div>\n<\/div>\n<p>Confira no link abaixo a minuta na nova Conven\u00e7\u00e3o Coletiva 2018\/2020. Os trechos em vermelho s\u00e3o as altera\u00e7\u00f5es em rela\u00e7\u00e3o ao texto anterior:<\/p>\n<p><a href=\"https:\/\/sinpes.org.br\/site\/wp-content\/uploads\/2019\/10\/CCT20182020TEXTOFINALoutubro2019-1.pdf\">CCT20182020TEXTOFINALoutubro2019 (1)<\/a><\/p>\n<!-- AddThis Advanced Settings generic via filter on the_content --><!-- AddThis Share Buttons generic via filter on the_content -->","protected":false},"excerpt":{"rendered":"<p>FECHADA A CONVEN\u00c7\u00c3O COLETIVA 2018\/2020 Fechada a conven\u00e7\u00e3o coletiva da categoria dos professores do ensino superior de Curitiba e da Regi\u00e3o Metropolitana com previs\u00e3o de vig\u00eancia entre 1.09.2018 e 28.02.2020. Em tempos de negocia\u00e7\u00f5es em que, normalmente a corre\u00e7\u00e3o dos sal\u00e1rios fica abaixo no INPC, o SINPES conseguiu um reajuste acima do \u00edndice previsto para [&hellip;]<!-- AddThis Advanced Settings generic via filter on wp_trim_excerpt --><!-- AddThis Share Buttons generic via filter on wp_trim_excerpt --><\/p>\n","protected":false},"author":3,"featured_media":0,"comment_status":"closed","ping_status":"open","sticky":false,"template":"","format":"standard","meta":{"footnotes":""},"categories":[7,18,13],"tags":[390,305,331,403,334],"class_list":["post-2782","post","type-post","status-publish","format-standard","hentry","category-arquivo-de-noticias","category-destaque","category-home","tag-acordos","tag-assembleia","tag-cct","tag-cct-2018-2020","tag-convencao-coletiva-de-trabalho"],"_links":{"self":[{"href":"https:\/\/sinpes.org.br\/site\/wp-json\/wp\/v2\/posts\/2782","targetHints":{"allow":["GET"]}}],"collection":[{"href":"https:\/\/sinpes.org.br\/site\/wp-json\/wp\/v2\/posts"}],"about":[{"href":"https:\/\/sinpes.org.br\/site\/wp-json\/wp\/v2\/types\/post"}],"author":[{"embeddable":true,"href":"https:\/\/sinpes.org.br\/site\/wp-json\/wp\/v2\/users\/3"}],"replies":[{"embeddable":true,"href":"https:\/\/sinpes.org.br\/site\/wp-json\/wp\/v2\/comments?post=2782"}],"version-history":[{"count":5,"href":"https:\/\/sinpes.org.br\/site\/wp-json\/wp\/v2\/posts\/2782\/revisions"}],"predecessor-version":[{"id":2789,"href":"https:\/\/sinpes.org.br\/site\/wp-json\/wp\/v2\/posts\/2782\/revisions\/2789"}],"wp:attachment":[{"href":"https:\/\/sinpes.org.br\/site\/wp-json\/wp\/v2\/media?parent=2782"}],"wp:term":[{"taxonomy":"category","embeddable":true,"href":"https:\/\/sinpes.org.br\/site\/wp-json\/wp\/v2\/categories?post=2782"},{"taxonomy":"post_tag","embeddable":true,"href":"https:\/\/sinpes.org.br\/site\/wp-json\/wp\/v2\/tags?post=2782"}],"curies":[{"name":"wp","href":"https:\/\/api.w.org\/{rel}","templated":true}]}}