{"id":2775,"date":"2019-10-10T14:38:21","date_gmt":"2019-10-10T17:38:21","guid":{"rendered":"https:\/\/sinpes.org.br\/site\/?p=2775"},"modified":"2019-10-10T14:38:21","modified_gmt":"2019-10-10T17:38:21","slug":"sinpes-se-reune-com-nova-diretoria-do-dce-da-puc","status":"publish","type":"post","link":"https:\/\/sinpes.org.br\/site\/sinpes-se-reune-com-nova-diretoria-do-dce-da-puc\/","title":{"rendered":"Sinpes se re\u00fane com nova diretoria do DCE da PUC"},"content":{"rendered":"<p><a href=\"https:\/\/sinpes.org.br\/site\/wp-content\/uploads\/2019\/10\/WhatsApp-Image-2019-10-09-at-10.10.58.jpeg\"><img loading=\"lazy\" decoding=\"async\" class=\"aligncenter  wp-image-2776\" src=\"https:\/\/sinpes.org.br\/site\/wp-content\/uploads\/2019\/10\/WhatsApp-Image-2019-10-09-at-10.10.58-1024x768.jpeg\" alt=\"\" width=\"488\" height=\"366\" srcset=\"https:\/\/sinpes.org.br\/site\/wp-content\/uploads\/2019\/10\/WhatsApp-Image-2019-10-09-at-10.10.58-1024x768.jpeg 1024w, https:\/\/sinpes.org.br\/site\/wp-content\/uploads\/2019\/10\/WhatsApp-Image-2019-10-09-at-10.10.58-300x225.jpeg 300w, https:\/\/sinpes.org.br\/site\/wp-content\/uploads\/2019\/10\/WhatsApp-Image-2019-10-09-at-10.10.58-768x576.jpeg 768w, https:\/\/sinpes.org.br\/site\/wp-content\/uploads\/2019\/10\/WhatsApp-Image-2019-10-09-at-10.10.58.jpeg 1280w\" sizes=\"auto, (max-width: 488px) 100vw, 488px\" \/><\/a><\/p>\n<p>O presidente do Sinpes, Valdyr Perrini, e a vice-presidente Ilda Witiuk se reuniram, no dia 03\/10, com a nova dire\u00e7\u00e3o do Diret\u00f3rio Central dos Estudantes (DCE) da PUCPR. Em conversa com o presidente do DCE, Miguel Bugalski, a diretoria do Sinpes se prop\u00f4s a trabalhar em parceria com o Diret\u00f3rio na luta pela manuten\u00e7\u00e3o dos direitos dos professores da PUC e contra a precariza\u00e7\u00e3o do trabalho docente que, inclusive, tem um grande impacto negativo sobre o aprendizado dos estudantes.<\/p>\n<p>&nbsp;<\/p>\n<!-- AddThis Advanced Settings generic via filter on the_content --><!-- AddThis Share Buttons generic via filter on the_content -->","protected":false},"excerpt":{"rendered":"<p>O presidente do Sinpes, Valdyr Perrini, e a vice-presidente Ilda Witiuk se reuniram, no dia 03\/10, com a nova dire\u00e7\u00e3o do Diret\u00f3rio Central dos Estudantes (DCE) da PUCPR. Em conversa com o presidente do DCE, Miguel Bugalski, a diretoria do Sinpes se prop\u00f4s a trabalhar em parceria com o Diret\u00f3rio na luta pela manuten\u00e7\u00e3o dos [&hellip;]<!-- AddThis Advanced Settings generic via filter on wp_trim_excerpt --><!-- AddThis Share Buttons generic via filter on wp_trim_excerpt --><\/p>\n","protected":false},"author":3,"featured_media":2776,"comment_status":"closed","ping_status":"open","sticky":false,"template":"","format":"standard","meta":{"footnotes":""},"categories":[7,18,2],"tags":[402,389,22,61,364,62],"class_list":["post-2775","post","type-post","status-publish","format-standard","has-post-thumbnail","hentry","category-arquivo-de-noticias","category-destaque","category-puc","tag-dce","tag-estudantes","tag-professores","tag-puc","tag-reuniao","tag-sinpes"],"_links":{"self":[{"href":"https:\/\/sinpes.org.br\/site\/wp-json\/wp\/v2\/posts\/2775","targetHints":{"allow":["GET"]}}],"collection":[{"href":"https:\/\/sinpes.org.br\/site\/wp-json\/wp\/v2\/posts"}],"about":[{"href":"https:\/\/sinpes.org.br\/site\/wp-json\/wp\/v2\/types\/post"}],"author":[{"embeddable":true,"href":"https:\/\/sinpes.org.br\/site\/wp-json\/wp\/v2\/users\/3"}],"replies":[{"embeddable":true,"href":"https:\/\/sinpes.org.br\/site\/wp-json\/wp\/v2\/comments?post=2775"}],"version-history":[{"count":1,"href":"https:\/\/sinpes.org.br\/site\/wp-json\/wp\/v2\/posts\/2775\/revisions"}],"predecessor-version":[{"id":2777,"href":"https:\/\/sinpes.org.br\/site\/wp-json\/wp\/v2\/posts\/2775\/revisions\/2777"}],"wp:featuredmedia":[{"embeddable":true,"href":"https:\/\/sinpes.org.br\/site\/wp-json\/wp\/v2\/media\/2776"}],"wp:attachment":[{"href":"https:\/\/sinpes.org.br\/site\/wp-json\/wp\/v2\/media?parent=2775"}],"wp:term":[{"taxonomy":"category","embeddable":true,"href":"https:\/\/sinpes.org.br\/site\/wp-json\/wp\/v2\/categories?post=2775"},{"taxonomy":"post_tag","embeddable":true,"href":"https:\/\/sinpes.org.br\/site\/wp-json\/wp\/v2\/tags?post=2775"}],"curies":[{"name":"wp","href":"https:\/\/api.w.org\/{rel}","templated":true}]}}