{"id":2761,"date":"2019-09-20T14:44:33","date_gmt":"2019-09-20T17:44:33","guid":{"rendered":"https:\/\/sinpes.org.br\/site\/?p=2761"},"modified":"2019-09-20T14:44:33","modified_gmt":"2019-09-20T17:44:33","slug":"sinpes-e-sinepe-mais-uma-reuniao-para-tratar-da-convencao-coletiva-de-trabalho","status":"publish","type":"post","link":"https:\/\/sinpes.org.br\/site\/sinpes-e-sinepe-mais-uma-reuniao-para-tratar-da-convencao-coletiva-de-trabalho\/","title":{"rendered":"Sinpes e Sinepe: mais uma reuni\u00e3o para tratar da Conven\u00e7\u00e3o Coletiva de Trabalho"},"content":{"rendered":"<p><a href=\"https:\/\/sinpes.org.br\/site\/wp-content\/uploads\/2019\/09\/IMG_0508.jpg\"><img loading=\"lazy\" decoding=\"async\" class=\"aligncenter  wp-image-2762\" src=\"https:\/\/sinpes.org.br\/site\/wp-content\/uploads\/2019\/09\/IMG_0508-1024x768.jpg\" alt=\"\" width=\"615\" height=\"461\" srcset=\"https:\/\/sinpes.org.br\/site\/wp-content\/uploads\/2019\/09\/IMG_0508-1024x768.jpg 1024w, https:\/\/sinpes.org.br\/site\/wp-content\/uploads\/2019\/09\/IMG_0508-300x225.jpg 300w, https:\/\/sinpes.org.br\/site\/wp-content\/uploads\/2019\/09\/IMG_0508-768x576.jpg 768w\" sizes=\"auto, (max-width: 615px) 100vw, 615px\" \/><\/a><\/p>\n<p>Na sexta feira 13\/09\/2019 Sinpes e Sinepe voltaram a se reunir para discutir as cl\u00e1usulas da Conven\u00e7\u00e3o Coletiva de Trabalho com in\u00edcio de vig\u00eancia no m\u00eas de setembro de 2018.<\/p>\n<p>Na reuni\u00e3o as partes conseguiram aproximar seus pontos de vista acerca da regulamenta\u00e7\u00e3o do trabalho a Dist\u00e2ncia.<\/p>\n<p>A concord\u00e2ncia da entidade patronal com o estabelecimento de um piso salarial id\u00eantico para as atividades a dist\u00e2ncia e presenciais e o reconhecimento do SINPES de que em determinadas situa\u00e7\u00f5es peculiares o instituto da hora-atividade efetivamente n\u00e3o se coaduna com o ensino \u00e0 dist\u00e2ncia ajudaram a polir algumas arestas.<\/p>\n<p>A possibilidade de serem pagos valores diferentes para atividades a dist\u00e2ncia e presenciais realizadas por um mesmo professor, proposta do SINEPE e a determina\u00e7\u00e3o para que os valores pagos fossem os mesmos, ponto de vista do SINPES ficaram fora do texto por falta de consenso.<\/p>\n<p>Ainda no que se refere ao ensino a dist\u00e2ncia, as partes concordaram em classificar as \u00e1reas de atua\u00e7\u00e3o do professor nessa atividade em seis grupos e a restringir a contrata\u00e7\u00e3o a pessoas com capacidade t\u00e9cnico-pedag\u00f3gica e forma\u00e7\u00e3o acad\u00eamica para as fun\u00e7\u00f5es docentes.<\/p>\n<p>Os patr\u00f5es desistiram de limitar em 15% o pagamento dos quinqu\u00eanios, mas n\u00e3o concordaram com a proposta do Sinpes de proibir a terceiriza\u00e7\u00e3o no ensino a dist\u00e2ncia.<\/p>\n<p>O Sinpes concordou submeter \u00e0 assembleia dos professores a possibilidade de se permitir que a carga hor\u00e1ria possa ser reduzida fora das tradicionais hip\u00f3teses convencionais em at\u00e9 20% mediante rescis\u00e3o parcial e o estabelecimento de uma garantia do emprego e da nova carga hor\u00e1ria ajustada pelo prazo de 15 meses. O SINEPE quer que o percentual de redu\u00e7\u00e3o seja aumentado para\u00a0 30% e aceita garantia de apenas doze meses. Ambas as partes ficaram de consultar as bases acerca desse impasse.<\/p>\n<p>Houve consenso em rela\u00e7\u00e3o \u00e0 altera\u00e7\u00e3o da data base para primeiro de mar\u00e7o a partir do ano que vem garantindo-se desde logo que o reajuste a ser praticado em 01.03.2020 contemple toda a infla\u00e7\u00e3o acumulada pelo INPC entre 01.02.2019 e 28.03.2020.<\/p>\n<p>No que se refere ao reajuste devido a partir de 01.02.2019 os patr\u00f5es n\u00e3o foram al\u00e9m da p\u00edfia reposi\u00e7\u00e3o da infla\u00e7\u00e3o dos \u00faltimos doze meses.<\/p>\n<!-- AddThis Advanced Settings generic via filter on the_content --><!-- AddThis Share Buttons generic via filter on the_content -->","protected":false},"excerpt":{"rendered":"<p>Na sexta feira 13\/09\/2019 Sinpes e Sinepe voltaram a se reunir para discutir as cl\u00e1usulas da Conven\u00e7\u00e3o Coletiva de Trabalho com in\u00edcio de vig\u00eancia no m\u00eas de setembro de 2018. Na reuni\u00e3o as partes conseguiram aproximar seus pontos de vista acerca da regulamenta\u00e7\u00e3o do trabalho a Dist\u00e2ncia. A concord\u00e2ncia da entidade patronal com o estabelecimento [&hellip;]<!-- AddThis Advanced Settings generic via filter on wp_trim_excerpt --><!-- AddThis Share Buttons generic via filter on wp_trim_excerpt --><\/p>\n","protected":false},"author":3,"featured_media":2762,"comment_status":"closed","ping_status":"open","sticky":false,"template":"","format":"standard","meta":{"footnotes":""},"categories":[7,18],"tags":[331,392,360,22],"class_list":["post-2761","post","type-post","status-publish","format-standard","has-post-thumbnail","hentry","category-arquivo-de-noticias","category-destaque","tag-cct","tag-convencao-coletiva","tag-ead","tag-professores"],"_links":{"self":[{"href":"https:\/\/sinpes.org.br\/site\/wp-json\/wp\/v2\/posts\/2761","targetHints":{"allow":["GET"]}}],"collection":[{"href":"https:\/\/sinpes.org.br\/site\/wp-json\/wp\/v2\/posts"}],"about":[{"href":"https:\/\/sinpes.org.br\/site\/wp-json\/wp\/v2\/types\/post"}],"author":[{"embeddable":true,"href":"https:\/\/sinpes.org.br\/site\/wp-json\/wp\/v2\/users\/3"}],"replies":[{"embeddable":true,"href":"https:\/\/sinpes.org.br\/site\/wp-json\/wp\/v2\/comments?post=2761"}],"version-history":[{"count":1,"href":"https:\/\/sinpes.org.br\/site\/wp-json\/wp\/v2\/posts\/2761\/revisions"}],"predecessor-version":[{"id":2763,"href":"https:\/\/sinpes.org.br\/site\/wp-json\/wp\/v2\/posts\/2761\/revisions\/2763"}],"wp:featuredmedia":[{"embeddable":true,"href":"https:\/\/sinpes.org.br\/site\/wp-json\/wp\/v2\/media\/2762"}],"wp:attachment":[{"href":"https:\/\/sinpes.org.br\/site\/wp-json\/wp\/v2\/media?parent=2761"}],"wp:term":[{"taxonomy":"category","embeddable":true,"href":"https:\/\/sinpes.org.br\/site\/wp-json\/wp\/v2\/categories?post=2761"},{"taxonomy":"post_tag","embeddable":true,"href":"https:\/\/sinpes.org.br\/site\/wp-json\/wp\/v2\/tags?post=2761"}],"curies":[{"name":"wp","href":"https:\/\/api.w.org\/{rel}","templated":true}]}}