{"id":2758,"date":"2019-09-20T11:22:42","date_gmt":"2019-09-20T14:22:42","guid":{"rendered":"https:\/\/sinpes.org.br\/site\/?p=2758"},"modified":"2019-09-20T11:22:42","modified_gmt":"2019-09-20T14:22:42","slug":"sinpes-participou-do-47o-congresso-da-upe","status":"publish","type":"post","link":"https:\/\/sinpes.org.br\/site\/sinpes-participou-do-47o-congresso-da-upe\/","title":{"rendered":"Sinpes Participou do 47\u00ba Congresso da UPE"},"content":{"rendered":"<p><a href=\"https:\/\/sinpes.org.br\/site\/wp-content\/uploads\/2019\/09\/IMG_0514.jpg\"><img loading=\"lazy\" decoding=\"async\" class=\"aligncenter  wp-image-2759\" src=\"https:\/\/sinpes.org.br\/site\/wp-content\/uploads\/2019\/09\/IMG_0514.jpg\" alt=\"\" width=\"715\" height=\"536\" srcset=\"https:\/\/sinpes.org.br\/site\/wp-content\/uploads\/2019\/09\/IMG_0514.jpg 4000w, https:\/\/sinpes.org.br\/site\/wp-content\/uploads\/2019\/09\/IMG_0514-300x225.jpg 300w, https:\/\/sinpes.org.br\/site\/wp-content\/uploads\/2019\/09\/IMG_0514-768x576.jpg 768w, https:\/\/sinpes.org.br\/site\/wp-content\/uploads\/2019\/09\/IMG_0514-1024x768.jpg 1024w\" sizes=\"auto, (max-width: 715px) 100vw, 715px\" \/><\/a><\/p>\n<p>No s\u00e1bado 14 de setembro, no campus Rebou\u00e7as da Universidade Federal do Paran\u00e1 (UFPR), integrando uma intensa programa\u00e7\u00e3o de 12 debates com eixos voltados para Educa\u00e7\u00e3o, o presidente do SINPES, Valdyr Perrini, foi o debatedor no Grupo de Trabalho das Universidades Privadas durante o 47\u00ba Congresso da Uni\u00e3o Paranaense dos Estudantes (UPE).<\/p>\n<p>O debate come\u00e7ou \u00e0s 9 h e teve como tema Educa\u00e7\u00e3o n\u00e3o \u00e9 Mercadoria &#8211; A mercantiliza\u00e7\u00e3o e desnacionaliza\u00e7\u00e3o da educa\u00e7\u00e3o superior no Brasil. Dele participaram as professoras Jussara Moreira e Karolyne Mendes, assim como in\u00fameros acad\u00eamicos de institui\u00e7\u00f5es privadas, a maioria deles benefici\u00e1rios do FIES e do PROUNE, preocupados com o esvaziamento destes programas que vem sendo anunciado pelo Governo Federal.<\/p>\n<p>O debate teve como eixo principal uma reflex\u00e3o hist\u00f3rica sobre as consequ\u00eancias da supress\u00e3o de verbas p\u00fablicas para os alunos da rede particular de ensino superior, com \u00eanfase na precariza\u00e7\u00e3o dos direitos dos professores e consequentemente da educa\u00e7\u00e3o como um todo. A t\u00edtulo de exemplifica\u00e7\u00e3o o Presidente do Sinpes fez uma breve an\u00e1lise das dificuldades sofridas por alunos e professores das duas principais universidades privadas do Estado do Paran\u00e1.<\/p>\n<p><strong>O Congresso <\/strong><\/p>\n<p>Aconteceu nos dias 13, 14 e 15 de setembro. \u00a0O CONUPE \u00e9 o f\u00f3rum m\u00e1ximo de delibera\u00e7\u00e3o estudantil no estado do Paran\u00e1 e neste ano reuniu mais de 500 estudantes na cidade de Curitiba em uma agenda que envolveu, al\u00e9m da atividade pol\u00edtica, um festival de cultura e arte e uma homenagem ao agora centen\u00e1rio Pal\u00e1cio dos Estudantes.<\/p>\n<p>O congresso pautou os pr\u00f3ximos objetivos de toda rede estudantil universit\u00e1ria bem como elegeu a nova dire\u00e7\u00e3o da entidade para o Bi\u00eanio 2020-2022. Os estudantes que participaram da atividade e votaram nas elei\u00e7\u00f5es da UPE foram escolhidos para representar as universidades atrav\u00e9s de elei\u00e7\u00f5es diretas que aconteceram durante o primeiro semestre em mais de 70% das universidades da rede p\u00fablica e particular de todo Paran\u00e1.<\/p>\n<p>Nesta edi\u00e7\u00e3o, que teve como tema central \u201cPara que amanh\u00e3 n\u00e3o seja s\u00f3 um ontem com um novo nome\u201d, a UPE promoveu uma reflex\u00e3o hist\u00f3rica sobre as universidades que passam por mais uma tentativa de desmonte e precariza\u00e7\u00e3o, assim como aconteceu em 1968 quando os estudantes unidos venceram a luta contra a cobran\u00e7a de mensalidade nas universidades p\u00fablicas.<\/p>\n<!-- AddThis Advanced Settings generic via filter on the_content --><!-- AddThis Share Buttons generic via filter on the_content -->","protected":false},"excerpt":{"rendered":"<p>No s\u00e1bado 14 de setembro, no campus Rebou\u00e7as da Universidade Federal do Paran\u00e1 (UFPR), integrando uma intensa programa\u00e7\u00e3o de 12 debates com eixos voltados para Educa\u00e7\u00e3o, o presidente do SINPES, Valdyr Perrini, foi o debatedor no Grupo de Trabalho das Universidades Privadas durante o 47\u00ba Congresso da Uni\u00e3o Paranaense dos Estudantes (UPE). O debate come\u00e7ou [&hellip;]<!-- AddThis Advanced Settings generic via filter on wp_trim_excerpt --><!-- AddThis Share Buttons generic via filter on wp_trim_excerpt --><\/p>\n","protected":false},"author":3,"featured_media":2759,"comment_status":"closed","ping_status":"open","sticky":false,"template":"","format":"standard","meta":{"footnotes":""},"categories":[7,18],"tags":[398,389,397,62,396],"class_list":["post-2758","post","type-post","status-publish","format-standard","has-post-thumbnail","hentry","category-arquivo-de-noticias","category-destaque","tag-congresso","tag-estudantes","tag-palestra","tag-sinpes","tag-upe"],"_links":{"self":[{"href":"https:\/\/sinpes.org.br\/site\/wp-json\/wp\/v2\/posts\/2758","targetHints":{"allow":["GET"]}}],"collection":[{"href":"https:\/\/sinpes.org.br\/site\/wp-json\/wp\/v2\/posts"}],"about":[{"href":"https:\/\/sinpes.org.br\/site\/wp-json\/wp\/v2\/types\/post"}],"author":[{"embeddable":true,"href":"https:\/\/sinpes.org.br\/site\/wp-json\/wp\/v2\/users\/3"}],"replies":[{"embeddable":true,"href":"https:\/\/sinpes.org.br\/site\/wp-json\/wp\/v2\/comments?post=2758"}],"version-history":[{"count":1,"href":"https:\/\/sinpes.org.br\/site\/wp-json\/wp\/v2\/posts\/2758\/revisions"}],"predecessor-version":[{"id":2760,"href":"https:\/\/sinpes.org.br\/site\/wp-json\/wp\/v2\/posts\/2758\/revisions\/2760"}],"wp:featuredmedia":[{"embeddable":true,"href":"https:\/\/sinpes.org.br\/site\/wp-json\/wp\/v2\/media\/2759"}],"wp:attachment":[{"href":"https:\/\/sinpes.org.br\/site\/wp-json\/wp\/v2\/media?parent=2758"}],"wp:term":[{"taxonomy":"category","embeddable":true,"href":"https:\/\/sinpes.org.br\/site\/wp-json\/wp\/v2\/categories?post=2758"},{"taxonomy":"post_tag","embeddable":true,"href":"https:\/\/sinpes.org.br\/site\/wp-json\/wp\/v2\/tags?post=2758"}],"curies":[{"name":"wp","href":"https:\/\/api.w.org\/{rel}","templated":true}]}}