{"id":2751,"date":"2019-09-11T09:42:45","date_gmt":"2019-09-11T12:42:45","guid":{"rendered":"https:\/\/sinpes.org.br\/site\/?p=2751"},"modified":"2019-09-11T09:42:45","modified_gmt":"2019-09-11T12:42:45","slug":"partes-concordam-com-adiamento-de-audiencia-no-processo-em-que-o-sinpes-exige-o-pagamento-como-extras-dos-recreios-na-puc-pr","status":"publish","type":"post","link":"https:\/\/sinpes.org.br\/site\/partes-concordam-com-adiamento-de-audiencia-no-processo-em-que-o-sinpes-exige-o-pagamento-como-extras-dos-recreios-na-puc-pr\/","title":{"rendered":"Partes concordam com adiamento de audi\u00eancia no processo em que o SINPES exige o pagamento como extras dos \u201cRecreios\u201d na PUC-PR"},"content":{"rendered":"<p><a href=\"https:\/\/sinpes.org.br\/site\/wp-content\/uploads\/2019\/09\/WhatsApp-Image-2019-08-27-at-10.17.42-1.jpeg\"><img loading=\"lazy\" decoding=\"async\" class=\"aligncenter  wp-image-2752\" src=\"https:\/\/sinpes.org.br\/site\/wp-content\/uploads\/2019\/09\/WhatsApp-Image-2019-08-27-at-10.17.42-1.jpeg\" alt=\"\" width=\"615\" height=\"461\" srcset=\"https:\/\/sinpes.org.br\/site\/wp-content\/uploads\/2019\/09\/WhatsApp-Image-2019-08-27-at-10.17.42-1.jpeg 1280w, https:\/\/sinpes.org.br\/site\/wp-content\/uploads\/2019\/09\/WhatsApp-Image-2019-08-27-at-10.17.42-1-300x225.jpeg 300w, https:\/\/sinpes.org.br\/site\/wp-content\/uploads\/2019\/09\/WhatsApp-Image-2019-08-27-at-10.17.42-1-768x576.jpeg 768w, https:\/\/sinpes.org.br\/site\/wp-content\/uploads\/2019\/09\/WhatsApp-Image-2019-08-27-at-10.17.42-1-1024x768.jpeg 1024w\" sizes=\"auto, (max-width: 615px) 100vw, 615px\" \/><\/a><\/p>\n<p>No dia 27 de agosto de 2019 \u00e0s 10h10 deveria ter sido realizada, na 20\u00aa Vara do Trabalho de Curitiba, audi\u00eancia para ouvida de testemunhas nos autos em que o SINPES pede o pagamento como extras dos hor\u00e1rios de intervalos popularmente conhecidos como \u201crecreios\u201d para os professores da PUCPR.<\/p>\n<p>Segundo a tese do Sindicato, endossada por in\u00fameras decis\u00f5es do Tribunal Superior do Trabalho, o professor faz jus ao recebimento desses intervalos entre aulas como extras porque fica \u00e0 disposi\u00e7\u00e3o do empregador atendendo alunos, recebendo ordens de seus superiores hier\u00e1rquicos.<\/p>\n<p>Trata-se de constru\u00e7\u00e3o doutrin\u00e1ria que ganhou import\u00e2ncia em a\u00e7\u00f5es ajuizadas no Estado do Paran\u00e1, a qual vem se pacificando nas inst\u00e2ncias superiores.<\/p>\n<p>Entretanto, a audi\u00eancia n\u00e3o p\u00f4de ocorrer. Foi adiada para o dia 25.03.2020 \u00e0s 9h20. Isto porque o SINPES foi surpreendido pela juntada por parte da PUC \u00e0s v\u00e9speras do evento, de atas notariais encomendadas pela empregadora para \u201cdemonstrar\u201d que os professores \u201cestariam ociosos\u201d nessas ocasi\u00f5es.<\/p>\n<p>Acompanhado do fiel escudeiro do Vice-Reitor, Professor Paulo Nogas, em dias diversos previamente agendados com as autoridades universit\u00e1rias, o Tabeli\u00e3o esteve perambulando pelas Escolas do Campus do Prado Velho e \u201cn\u00e3o teria constatado\u201d nenhum professor esclarecendo alunos nem recebendo ordens de seus superiores hier\u00e1rquicos. E nem poderia ser diferente! Por suposto que antes do \u201cpasseio despretensioso\u201d os coordenadores e diretores de curso prepararam cuidadosamente o terreno para que \u201cnada\u201d fosse constatado.<\/p>\n<p>A tentativa de descaracterizar o \u00f3bvio por parte da PUCPR com a participa\u00e7\u00e3o meramente formal de um tabeli\u00e3o fere o princ\u00edpio constitucional do contradit\u00f3rio, que exige que todas as provas realizadas contem com a participa\u00e7\u00e3o e fiscaliza\u00e7\u00e3o de todos os litigantes. Improv\u00e1vel que a manobra processual surta efeito no julgamento do m\u00e9rito da pretens\u00e3o dos professores. Serve, entretanto, para postergar o pagamento de direito trabalhista para futuras administra\u00e7\u00f5es, mantendo o caixa cheio para distribui\u00e7\u00e3o das pol\u00eamicas gratifica\u00e7\u00f5es de resultados para os integrantes da c\u00fapula da PUCPR pelos pr\u00f3ximos anos.<\/p>\n<p>&nbsp;<\/p>\n<!-- AddThis Advanced Settings generic via filter on the_content --><!-- AddThis Share Buttons generic via filter on the_content -->","protected":false},"excerpt":{"rendered":"<p>No dia 27 de agosto de 2019 \u00e0s 10h10 deveria ter sido realizada, na 20\u00aa Vara do Trabalho de Curitiba, audi\u00eancia para ouvida de testemunhas nos autos em que o SINPES pede o pagamento como extras dos hor\u00e1rios de intervalos popularmente conhecidos como \u201crecreios\u201d para os professores da PUCPR. Segundo a tese do Sindicato, endossada [&hellip;]<!-- AddThis Advanced Settings generic via filter on wp_trim_excerpt --><!-- AddThis Share Buttons generic via filter on wp_trim_excerpt --><\/p>\n","protected":false},"author":3,"featured_media":2752,"comment_status":"closed","ping_status":"open","sticky":false,"template":"","format":"standard","meta":{"footnotes":""},"categories":[7,18,2],"tags":[24,74,61,395,323],"class_list":["post-2751","post","type-post","status-publish","format-standard","has-post-thumbnail","hentry","category-arquivo-de-noticias","category-destaque","category-puc","tag-acao","tag-audiencia","tag-puc","tag-recreio","tag-recreios"],"_links":{"self":[{"href":"https:\/\/sinpes.org.br\/site\/wp-json\/wp\/v2\/posts\/2751","targetHints":{"allow":["GET"]}}],"collection":[{"href":"https:\/\/sinpes.org.br\/site\/wp-json\/wp\/v2\/posts"}],"about":[{"href":"https:\/\/sinpes.org.br\/site\/wp-json\/wp\/v2\/types\/post"}],"author":[{"embeddable":true,"href":"https:\/\/sinpes.org.br\/site\/wp-json\/wp\/v2\/users\/3"}],"replies":[{"embeddable":true,"href":"https:\/\/sinpes.org.br\/site\/wp-json\/wp\/v2\/comments?post=2751"}],"version-history":[{"count":1,"href":"https:\/\/sinpes.org.br\/site\/wp-json\/wp\/v2\/posts\/2751\/revisions"}],"predecessor-version":[{"id":2753,"href":"https:\/\/sinpes.org.br\/site\/wp-json\/wp\/v2\/posts\/2751\/revisions\/2753"}],"wp:featuredmedia":[{"embeddable":true,"href":"https:\/\/sinpes.org.br\/site\/wp-json\/wp\/v2\/media\/2752"}],"wp:attachment":[{"href":"https:\/\/sinpes.org.br\/site\/wp-json\/wp\/v2\/media?parent=2751"}],"wp:term":[{"taxonomy":"category","embeddable":true,"href":"https:\/\/sinpes.org.br\/site\/wp-json\/wp\/v2\/categories?post=2751"},{"taxonomy":"post_tag","embeddable":true,"href":"https:\/\/sinpes.org.br\/site\/wp-json\/wp\/v2\/tags?post=2751"}],"curies":[{"name":"wp","href":"https:\/\/api.w.org\/{rel}","templated":true}]}}