{"id":2748,"date":"2019-09-10T09:28:33","date_gmt":"2019-09-10T12:28:33","guid":{"rendered":"https:\/\/sinpes.org.br\/site\/?p=2748"},"modified":"2019-09-10T09:28:33","modified_gmt":"2019-09-10T12:28:33","slug":"sinpes-e-sinepe-retomam-negociacoes-da-cct-2018-2019","status":"publish","type":"post","link":"https:\/\/sinpes.org.br\/site\/sinpes-e-sinepe-retomam-negociacoes-da-cct-2018-2019\/","title":{"rendered":"SINPES e SINEPE retomam negocia\u00e7\u00f5es da CCT 2018\/2019"},"content":{"rendered":"<p><a href=\"https:\/\/sinpes.org.br\/site\/wp-content\/uploads\/2019\/09\/IMG_0499.jpg\"><img loading=\"lazy\" decoding=\"async\" class=\"aligncenter  wp-image-2749\" src=\"https:\/\/sinpes.org.br\/site\/wp-content\/uploads\/2019\/09\/IMG_0499.jpg\" alt=\"\" width=\"732\" height=\"549\" srcset=\"https:\/\/sinpes.org.br\/site\/wp-content\/uploads\/2019\/09\/IMG_0499.jpg 4000w, https:\/\/sinpes.org.br\/site\/wp-content\/uploads\/2019\/09\/IMG_0499-300x225.jpg 300w, https:\/\/sinpes.org.br\/site\/wp-content\/uploads\/2019\/09\/IMG_0499-768x576.jpg 768w, https:\/\/sinpes.org.br\/site\/wp-content\/uploads\/2019\/09\/IMG_0499-1024x768.jpg 1024w\" sizes=\"auto, (max-width: 732px) 100vw, 732px\" \/><\/a><\/p>\n<p>Com mais de um ano de atraso, ap\u00f3s longo tempo de desconfian\u00e7as rec\u00edprocas, SINPES e SINEPE retomaram negocia\u00e7\u00f5es para fechamento da CCT 2018\/2019. No dia 30 de agosto ambos os sindicatos se reuniram em encontro que contou com a presen\u00e7a de representantes de in\u00fameras institui\u00e7\u00f5es de ensino superior.<\/p>\n<p>Na reuni\u00e3o foram discutidos diversos pontos, entre eles o trabalho desenvolvido por professores no Ensino a Dist\u00e2ncia (EAD), quest\u00e3o de honra a ser regulamentada sob o ponto de vista patronal.<\/p>\n<p>Os dirigentes do Sinpes e alguns professores que lecionam no ensino \u00e0 dist\u00e2ncia mostraram-se estarrecidos com a extens\u00e3o da precariza\u00e7\u00e3o proposta pelos empregadores nesse campo. \u00a0O consenso entre as partes por enquanto limita-se \u00e0 descri\u00e7\u00e3o dos diversos setores em que os trabalhadores atuam.<\/p>\n<p>De volta tamb\u00e9m, por iniciativa dos patr\u00f5es, a ladainha da rescis\u00e3o parcial e do congelamento dos quinqu\u00eanios para professores com mais de 15 anos de trabalho.<\/p>\n<p>O Sinpes mant\u00e9m a coer\u00eancia adotada no curso de seus mais de vinte anos de exist\u00eancia: admite discutir retrocessos desde que compensados com avan\u00e7os equivalentes.<\/p>\n<p>Os patr\u00f5es desconversaram ao serem alertados de que o Sinpes poderia levar \u00e0 categoria a proposta de congelamento tempor\u00e1rio dos quinqu\u00eanios mediante obten\u00e7\u00e3o de estabilidade de emprego dos professores com mais de 15 anos, enquanto perdurasse essa situa\u00e7\u00e3o tempor\u00e1ria.<\/p>\n<p>A pr\u00f3xima reuni\u00e3o agendada entre as partes ser\u00e1 no pr\u00f3ximo dia 13 de setembro.<\/p>\n<!-- AddThis Advanced Settings generic via filter on the_content --><!-- AddThis Share Buttons generic via filter on the_content -->","protected":false},"excerpt":{"rendered":"<p>Com mais de um ano de atraso, ap\u00f3s longo tempo de desconfian\u00e7as rec\u00edprocas, SINPES e SINEPE retomaram negocia\u00e7\u00f5es para fechamento da CCT 2018\/2019. No dia 30 de agosto ambos os sindicatos se reuniram em encontro que contou com a presen\u00e7a de representantes de in\u00fameras institui\u00e7\u00f5es de ensino superior. Na reuni\u00e3o foram discutidos diversos pontos, entre [&hellip;]<!-- AddThis Advanced Settings generic via filter on wp_trim_excerpt --><!-- AddThis Share Buttons generic via filter on wp_trim_excerpt --><\/p>\n","protected":false},"author":3,"featured_media":2749,"comment_status":"closed","ping_status":"open","sticky":false,"template":"","format":"standard","meta":{"footnotes":""},"categories":[7,18],"tags":[392,360,22,394,393],"class_list":["post-2748","post","type-post","status-publish","format-standard","has-post-thumbnail","hentry","category-arquivo-de-noticias","category-destaque","tag-convencao-coletiva","tag-ead","tag-professores","tag-quinquenio","tag-regulamentacao-do-trabalho"],"_links":{"self":[{"href":"https:\/\/sinpes.org.br\/site\/wp-json\/wp\/v2\/posts\/2748","targetHints":{"allow":["GET"]}}],"collection":[{"href":"https:\/\/sinpes.org.br\/site\/wp-json\/wp\/v2\/posts"}],"about":[{"href":"https:\/\/sinpes.org.br\/site\/wp-json\/wp\/v2\/types\/post"}],"author":[{"embeddable":true,"href":"https:\/\/sinpes.org.br\/site\/wp-json\/wp\/v2\/users\/3"}],"replies":[{"embeddable":true,"href":"https:\/\/sinpes.org.br\/site\/wp-json\/wp\/v2\/comments?post=2748"}],"version-history":[{"count":1,"href":"https:\/\/sinpes.org.br\/site\/wp-json\/wp\/v2\/posts\/2748\/revisions"}],"predecessor-version":[{"id":2750,"href":"https:\/\/sinpes.org.br\/site\/wp-json\/wp\/v2\/posts\/2748\/revisions\/2750"}],"wp:featuredmedia":[{"embeddable":true,"href":"https:\/\/sinpes.org.br\/site\/wp-json\/wp\/v2\/media\/2749"}],"wp:attachment":[{"href":"https:\/\/sinpes.org.br\/site\/wp-json\/wp\/v2\/media?parent=2748"}],"wp:term":[{"taxonomy":"category","embeddable":true,"href":"https:\/\/sinpes.org.br\/site\/wp-json\/wp\/v2\/categories?post=2748"},{"taxonomy":"post_tag","embeddable":true,"href":"https:\/\/sinpes.org.br\/site\/wp-json\/wp\/v2\/tags?post=2748"}],"curies":[{"name":"wp","href":"https:\/\/api.w.org\/{rel}","templated":true}]}}