{"id":2745,"date":"2019-09-09T14:37:05","date_gmt":"2019-09-09T17:37:05","guid":{"rendered":"https:\/\/sinpes.org.br\/site\/?p=2745"},"modified":"2019-09-09T14:37:05","modified_gmt":"2019-09-09T17:37:05","slug":"evangelica-importante-vitoria-do-sinpes-no-stj","status":"publish","type":"post","link":"https:\/\/sinpes.org.br\/site\/evangelica-importante-vitoria-do-sinpes-no-stj\/","title":{"rendered":"EVANG\u00c9LICA \u2013 IMPORTANTE VIT\u00d3RIA DO SINPES NO STJ"},"content":{"rendered":"<p><a href=\"https:\/\/sinpes.org.br\/site\/wp-content\/uploads\/2019\/09\/EVANG\u00c9LICA_-IMPORTANTE-VIT\u00d3RIA-DO-SINPES-NO-STJ.jpg\"><img loading=\"lazy\" decoding=\"async\" class=\"aligncenter  wp-image-2746\" src=\"https:\/\/sinpes.org.br\/site\/wp-content\/uploads\/2019\/09\/EVANG\u00c9LICA_-IMPORTANTE-VIT\u00d3RIA-DO-SINPES-NO-STJ.jpg\" alt=\"\" width=\"604\" height=\"604\" srcset=\"https:\/\/sinpes.org.br\/site\/wp-content\/uploads\/2019\/09\/EVANG\u00c9LICA_-IMPORTANTE-VIT\u00d3RIA-DO-SINPES-NO-STJ.jpg 1080w, https:\/\/sinpes.org.br\/site\/wp-content\/uploads\/2019\/09\/EVANG\u00c9LICA_-IMPORTANTE-VIT\u00d3RIA-DO-SINPES-NO-STJ-150x150.jpg 150w, https:\/\/sinpes.org.br\/site\/wp-content\/uploads\/2019\/09\/EVANG\u00c9LICA_-IMPORTANTE-VIT\u00d3RIA-DO-SINPES-NO-STJ-300x300.jpg 300w, https:\/\/sinpes.org.br\/site\/wp-content\/uploads\/2019\/09\/EVANG\u00c9LICA_-IMPORTANTE-VIT\u00d3RIA-DO-SINPES-NO-STJ-768x768.jpg 768w, https:\/\/sinpes.org.br\/site\/wp-content\/uploads\/2019\/09\/EVANG\u00c9LICA_-IMPORTANTE-VIT\u00d3RIA-DO-SINPES-NO-STJ-1024x1024.jpg 1024w\" sizes=\"auto, (max-width: 604px) 100vw, 604px\" \/><\/a><\/p>\n<p>No \u00faltimo dia 22 de agosto o Sinpes e professores da Faculdade Evang\u00e9lica obtiveram importante vit\u00f3ria no Superior Tribunal de Justi\u00e7a em Bras\u00edlia. A Ministra Nancy Andrighi extinguiu conflito de compet\u00eancia nos processos envolvendo a Sociedade Evang\u00e9lica Beneficente de Curitiba (SEB), revogando medida liminar anteriormente concedida que suspendia \u201ca pr\u00e1tica, pelo Ju\u00edzo Trabalhista, de atos que impliquem constri\u00e7\u00e3o no patrim\u00f4nio do suscitante, inclusive libera\u00e7\u00e3o de cr\u00e9dito aos exequentes\u201d.<\/p>\n<p>Trocando em mi\u00fados, essa liminar colocava em d\u00favida at\u00e9 mesmo a execu\u00e7\u00e3o de decis\u00f5es j\u00e1 proferidas, mas ainda n\u00e3o implementadas na esfera trabalhista, tais como a necessidade de individualiza\u00e7\u00e3o e pagamento do FGTS devido aos professores da Faculdade Evang\u00e9lica.<\/p>\n<p>Com a extin\u00e7\u00e3o do conflito de compet\u00eancia, por ora, os processos trabalhistas retomam o seu andamento natural naquela Justi\u00e7a Especializada, devendo ser adotadas as provid\u00eancias necess\u00e1rias para o pagamento dos dep\u00f3sitos de FGTS devidos aos docentes em obedi\u00eancia \u00e0 determina\u00e7\u00e3o proferida pelo Juiz da 9\u00aa Vara do Trabalho antes mesmo da aprecia\u00e7\u00e3o do pedido de insolv\u00eancia por parte da Sociedade Evang\u00e9lica Beneficente perante a 17\u00aa Vara C\u00edvel de Curitiba. Contra essa decis\u00e3o a SEB interp\u00f4s agravo interno, pendente de julgamento no STJ.<\/p>\n<p>Segundo peti\u00e7\u00e3o protocolada pelo Sinpes no \u00e2mbito da primeira inst\u00e2ncia da Justi\u00e7a Comum, a pretens\u00e3o de insolv\u00eancia formulada pela SEB n\u00e3o passa de mais uma artimanha para n\u00e3o honrar a integralidade de seus d\u00e9bitos trabalhistas.<\/p>\n<p>Isto porque uma vez abstra\u00eddas as d\u00edvidas referentes ao PROSUS, assumidas pela sucessora, os demais d\u00e9bitos existentes s\u00e3o perfeitamente pass\u00edveis de serem quitados com o valor da arremata\u00e7\u00e3o do Hospital Evang\u00e9lico e da Faculdade Evang\u00e9lica.<\/p>\n<p>Nesse quadro o Sinpes aguarda a rejei\u00e7\u00e3o do pedido de auto insolv\u00eancia protocolado pela Sociedade Evang\u00e9lica Beneficente e o prosseguimento do pagamento das d\u00edvidas trabalhistas na medida em que as parcelas do pre\u00e7o pago pela arrematante s\u00e3o depositadas na esfera trabalhista.<\/p>\n<!-- AddThis Advanced Settings generic via filter on the_content --><!-- AddThis Share Buttons generic via filter on the_content -->","protected":false},"excerpt":{"rendered":"<p>No \u00faltimo dia 22 de agosto o Sinpes e professores da Faculdade Evang\u00e9lica obtiveram importante vit\u00f3ria no Superior Tribunal de Justi\u00e7a em Bras\u00edlia. A Ministra Nancy Andrighi extinguiu conflito de compet\u00eancia nos processos envolvendo a Sociedade Evang\u00e9lica Beneficente de Curitiba (SEB), revogando medida liminar anteriormente concedida que suspendia \u201ca pr\u00e1tica, pelo Ju\u00edzo Trabalhista, de atos [&hellip;]<!-- AddThis Advanced Settings generic via filter on wp_trim_excerpt --><!-- AddThis Share Buttons generic via filter on wp_trim_excerpt --><\/p>\n","protected":false},"author":3,"featured_media":2746,"comment_status":"closed","ping_status":"open","sticky":false,"template":"","format":"standard","meta":{"footnotes":""},"categories":[7,18],"tags":[390,366,93,167,391,22],"class_list":["post-2745","post","type-post","status-publish","format-standard","has-post-thumbnail","hentry","category-arquivo-de-noticias","category-destaque","tag-acordos","tag-demissoes","tag-direitos-trabalhistas","tag-faculdade-evangelica","tag-processos","tag-professores"],"_links":{"self":[{"href":"https:\/\/sinpes.org.br\/site\/wp-json\/wp\/v2\/posts\/2745","targetHints":{"allow":["GET"]}}],"collection":[{"href":"https:\/\/sinpes.org.br\/site\/wp-json\/wp\/v2\/posts"}],"about":[{"href":"https:\/\/sinpes.org.br\/site\/wp-json\/wp\/v2\/types\/post"}],"author":[{"embeddable":true,"href":"https:\/\/sinpes.org.br\/site\/wp-json\/wp\/v2\/users\/3"}],"replies":[{"embeddable":true,"href":"https:\/\/sinpes.org.br\/site\/wp-json\/wp\/v2\/comments?post=2745"}],"version-history":[{"count":1,"href":"https:\/\/sinpes.org.br\/site\/wp-json\/wp\/v2\/posts\/2745\/revisions"}],"predecessor-version":[{"id":2747,"href":"https:\/\/sinpes.org.br\/site\/wp-json\/wp\/v2\/posts\/2745\/revisions\/2747"}],"wp:featuredmedia":[{"embeddable":true,"href":"https:\/\/sinpes.org.br\/site\/wp-json\/wp\/v2\/media\/2746"}],"wp:attachment":[{"href":"https:\/\/sinpes.org.br\/site\/wp-json\/wp\/v2\/media?parent=2745"}],"wp:term":[{"taxonomy":"category","embeddable":true,"href":"https:\/\/sinpes.org.br\/site\/wp-json\/wp\/v2\/categories?post=2745"},{"taxonomy":"post_tag","embeddable":true,"href":"https:\/\/sinpes.org.br\/site\/wp-json\/wp\/v2\/tags?post=2745"}],"curies":[{"name":"wp","href":"https:\/\/api.w.org\/{rel}","templated":true}]}}