{"id":2740,"date":"2019-09-09T11:19:32","date_gmt":"2019-09-09T14:19:32","guid":{"rendered":"https:\/\/sinpes.org.br\/site\/?p=2740"},"modified":"2019-09-09T14:17:17","modified_gmt":"2019-09-09T17:17:17","slug":"sinpes-participara-de-47o-congresso-da-upe","status":"publish","type":"post","link":"https:\/\/sinpes.org.br\/site\/sinpes-participara-de-47o-congresso-da-upe\/","title":{"rendered":"Sinpes Participar\u00e1 de 47\u00ba Congresso da UPE"},"content":{"rendered":"<p><a href=\"https:\/\/sinpes.org.br\/site\/wp-content\/uploads\/2019\/09\/67832271_2381607278753662_3205725802612129792_o.png\"><img loading=\"lazy\" decoding=\"async\" class=\"aligncenter  wp-image-2743\" src=\"https:\/\/sinpes.org.br\/site\/wp-content\/uploads\/2019\/09\/67832271_2381607278753662_3205725802612129792_o.png\" alt=\"\" width=\"664\" height=\"373\" srcset=\"https:\/\/sinpes.org.br\/site\/wp-content\/uploads\/2019\/09\/67832271_2381607278753662_3205725802612129792_o.png 1080w, https:\/\/sinpes.org.br\/site\/wp-content\/uploads\/2019\/09\/67832271_2381607278753662_3205725802612129792_o-300x169.png 300w, https:\/\/sinpes.org.br\/site\/wp-content\/uploads\/2019\/09\/67832271_2381607278753662_3205725802612129792_o-768x432.png 768w, https:\/\/sinpes.org.br\/site\/wp-content\/uploads\/2019\/09\/67832271_2381607278753662_3205725802612129792_o-1024x576.png 1024w\" sizes=\"auto, (max-width: 664px) 100vw, 664px\" \/><\/a><\/p>\n<p>No pr\u00f3ximo s\u00e1bado (14\/09), no campus Rebou\u00e7as da Universidade Federal do Paran\u00e1 (UFPR), ajudando a compor uma intensa programa\u00e7\u00e3o de 12 debates com eixos voltados para Educa\u00e7\u00e3o, o presidente do SINPES, Valdyr Perrini, ser\u00e1 o debatedor no Grupo de Trabalho das Universidades Privadas durante o 47\u00ba Congresso da Uni\u00e3o Paranaense dos Estudantes (UPE).<\/p>\n<p>O debate come\u00e7a \u00e0s 9 h e ter\u00e1 como tema: Educa\u00e7\u00e3o n\u00e3o \u00e9 Mercadoria &#8211; A mercantiliza\u00e7\u00e3o e desnacionaliza\u00e7\u00e3o da educa\u00e7\u00e3o superior no Brasil.<\/p>\n<p>A proposta do debate, dentre outras, \u00e9 refletir com os estudantes de universidades sobre as consequ\u00eancias do contingenciamento de verbas p\u00fablicas para os alunos da rede particular de ensino superior especialmente no que se refere \u00e0 precariza\u00e7\u00e3o do Ensino Privado, decorrente do esfacelamento dos direitos dos professores e das facilidades que o Capital estrangeiro vem obtendo para participar desse \u201cmercado\u201d. Essa discuss\u00e3o passa pelo esvaziamento do PROUNE e do FIES, o que dificulta o acesso ao ensino superior das camadas mais pobres da popula\u00e7\u00e3o.<\/p>\n<p><strong>O Congresso <\/strong><\/p>\n<p>Acontece nos pr\u00f3ximos dias 13, 14 e 15 de setembro. \u00a0O CONUPE \u00e9 o f\u00f3rum m\u00e1ximo de delibera\u00e7\u00e3o estudantil no estado do Paran\u00e1 e neste ano reunir\u00e1 cerca de 500 estudantes na cidade de Curitiba em uma agenda que envolve, al\u00e9m da atividade pol\u00edtica, um festival de cultura e arte e uma homenagem ao agora centen\u00e1rio Pal\u00e1cio dos Estudantes.<\/p>\n<p>O congresso pauta os pr\u00f3ximos objetivos de toda rede estudantil universit\u00e1ria bem como elege a nova dire\u00e7\u00e3o da entidade para o Bi\u00eanio 2020-2022. Os estudantes que participar\u00e3o da atividade e votar\u00e3o nas elei\u00e7\u00f5es da UPE foram escolhidos para representar as universidades atrav\u00e9s de elei\u00e7\u00f5es diretas que aconteceram durante o primeiro semestre em mais de 70% das universidades da rede p\u00fablica e particular de todo Paran\u00e1.<\/p>\n<p>Nesta edi\u00e7\u00e3o, que tem como tema central \u201cPra que amanh\u00e3 n\u00e3o seja s\u00f3 um ontem com um novo nome\u201d, a UPE convoca os estudantes para juntos fazerem uma reflex\u00e3o hist\u00f3rica sobre as universidades que passam por mais uma tentativa de desmonte e precariza\u00e7\u00e3o, assim como aconteceu em 1968 quando os estudantes unidos venceram a luta contra a cobran\u00e7a de mensalidade nas universidades p\u00fablicas.<\/p>\n<p>N\u00e3o coincidentemente com o tema, esse \u00e9 tamb\u00e9m um ano hist\u00f3rico para a organiza\u00e7\u00e3o estudantil que completa seus 80 anos e para a sede que abriga a entidade que completa 100 anos. Ambas ser\u00e3o homenageadas durante o festival de cultura e arte que acontecer\u00e1 junto com o congresso estudantil.<\/p>\n<p>Todos os interessados podem participar das atividades do Congresso da UPE. O evento \u00e9 aberto a todos que queiram contribuir de alguma forma e discutir sobre os rumos da educa\u00e7\u00e3o. Para participar \u00e9 preciso preencher o formul\u00e1rio de inscri\u00e7\u00e3o disponibilizado no endere\u00e7o eletr\u00f4nico <a href=\"http:\/\/www.eventosplay.com.br\/conupe\">www.eventosplay.com.br\/conupe<\/a>. Ali o interessado ter\u00e1 todas as informa\u00e7\u00f5es sobre o evento e poder\u00e1 pagar a taxa de credenciamento que d\u00e1 direito a participar de todas as atividades do congresso durante os seus tr\u00eas dias de dura\u00e7\u00e3o.<\/p>\n<!-- AddThis Advanced Settings generic via filter on the_content --><!-- AddThis Share Buttons generic via filter on the_content -->","protected":false},"excerpt":{"rendered":"<p>No pr\u00f3ximo s\u00e1bado (14\/09), no campus Rebou\u00e7as da Universidade Federal do Paran\u00e1 (UFPR), ajudando a compor uma intensa programa\u00e7\u00e3o de 12 debates com eixos voltados para Educa\u00e7\u00e3o, o presidente do SINPES, Valdyr Perrini, ser\u00e1 o debatedor no Grupo de Trabalho das Universidades Privadas durante o 47\u00ba Congresso da Uni\u00e3o Paranaense dos Estudantes (UPE). O debate [&hellip;]<!-- AddThis Advanced Settings generic via filter on wp_trim_excerpt --><!-- AddThis Share Buttons generic via filter on wp_trim_excerpt --><\/p>\n","protected":false},"author":3,"featured_media":2741,"comment_status":"closed","ping_status":"open","sticky":false,"template":"","format":"standard","meta":{"footnotes":""},"categories":[7,18],"tags":[102,389,62,388],"class_list":["post-2740","post","type-post","status-publish","format-standard","has-post-thumbnail","hentry","category-arquivo-de-noticias","category-destaque","tag-debate","tag-estudantes","tag-sinpes","tag-upes"],"_links":{"self":[{"href":"https:\/\/sinpes.org.br\/site\/wp-json\/wp\/v2\/posts\/2740","targetHints":{"allow":["GET"]}}],"collection":[{"href":"https:\/\/sinpes.org.br\/site\/wp-json\/wp\/v2\/posts"}],"about":[{"href":"https:\/\/sinpes.org.br\/site\/wp-json\/wp\/v2\/types\/post"}],"author":[{"embeddable":true,"href":"https:\/\/sinpes.org.br\/site\/wp-json\/wp\/v2\/users\/3"}],"replies":[{"embeddable":true,"href":"https:\/\/sinpes.org.br\/site\/wp-json\/wp\/v2\/comments?post=2740"}],"version-history":[{"count":2,"href":"https:\/\/sinpes.org.br\/site\/wp-json\/wp\/v2\/posts\/2740\/revisions"}],"predecessor-version":[{"id":2744,"href":"https:\/\/sinpes.org.br\/site\/wp-json\/wp\/v2\/posts\/2740\/revisions\/2744"}],"wp:featuredmedia":[{"embeddable":true,"href":"https:\/\/sinpes.org.br\/site\/wp-json\/wp\/v2\/media\/2741"}],"wp:attachment":[{"href":"https:\/\/sinpes.org.br\/site\/wp-json\/wp\/v2\/media?parent=2740"}],"wp:term":[{"taxonomy":"category","embeddable":true,"href":"https:\/\/sinpes.org.br\/site\/wp-json\/wp\/v2\/categories?post=2740"},{"taxonomy":"post_tag","embeddable":true,"href":"https:\/\/sinpes.org.br\/site\/wp-json\/wp\/v2\/tags?post=2740"}],"curies":[{"name":"wp","href":"https:\/\/api.w.org\/{rel}","templated":true}]}}