{"id":2736,"date":"2019-09-06T10:52:12","date_gmt":"2019-09-06T13:52:12","guid":{"rendered":"https:\/\/sinpes.org.br\/site\/?p=2736"},"modified":"2019-09-06T10:52:36","modified_gmt":"2019-09-06T13:52:36","slug":"2736-2","status":"publish","type":"post","link":"https:\/\/sinpes.org.br\/site\/2736-2\/","title":{"rendered":"Lan\u00e7amento do livro \u201cPol\u00edticas de Austeridade e Direitos Sociais\u201d"},"content":{"rendered":"<p><a href=\"https:\/\/sinpes.org.br\/site\/wp-content\/uploads\/2019\/09\/69028314_2361728824092676_7583593041236066304_o.jpg\"><img loading=\"lazy\" decoding=\"async\" class=\"aligncenter wp-image-2737\" src=\"https:\/\/sinpes.org.br\/site\/wp-content\/uploads\/2019\/09\/69028314_2361728824092676_7583593041236066304_o.jpg\" alt=\"\" width=\"702\" height=\"361\" srcset=\"https:\/\/sinpes.org.br\/site\/wp-content\/uploads\/2019\/09\/69028314_2361728824092676_7583593041236066304_o.jpg 1200w, https:\/\/sinpes.org.br\/site\/wp-content\/uploads\/2019\/09\/69028314_2361728824092676_7583593041236066304_o-300x154.jpg 300w, https:\/\/sinpes.org.br\/site\/wp-content\/uploads\/2019\/09\/69028314_2361728824092676_7583593041236066304_o-768x395.jpg 768w, https:\/\/sinpes.org.br\/site\/wp-content\/uploads\/2019\/09\/69028314_2361728824092676_7583593041236066304_o-1024x527.jpg 1024w\" sizes=\"auto, (max-width: 702px) 100vw, 702px\" \/><\/a><\/p>\n<p>No pr\u00f3ximo dia 12 de setembro acontece, de manh\u00e3 na Universidade Positivo e \u00e0 noite na UFPR, o lan\u00e7amento do livro \u201cPol\u00edticas de Austeridade e Direitos Sociais\u201d. Participou da produ\u00e7\u00e3o da obra o professor Lawrence Estivalet de Mello, que faz parte da diretoria do SINPES.<\/p>\n<p>O NDCC (PPGD\/UFPR) convida para os debates de lan\u00e7amento de sua nova produ\u00e7\u00e3o coletiva. Ser\u00e1 um importante momento de di\u00e1logo sobre os resultados de pesquisa e sobre os desafios que circundam a luta pelos direitos sociais, com presen\u00e7a de pesquisadores e interlocutores do n\u00facleo, neste dif\u00edcil momento pelo qual passa a democracia brasileira.<\/p>\n<p>A entrada \u00e9 gratuita e ser\u00e3o sorteados exemplares f\u00edsicos do livro. A edi\u00e7\u00e3o f\u00edsica da obra n\u00e3o ser\u00e1 comercializada, mas apenas distribu\u00edda para universidades, movimentos sociais e pesquisadores(as). Ap\u00f3s o lan\u00e7amento, ser\u00e1 disponibilizado o arquivo digital do livro, em formato \u201cpdf\u201d, de forma gratuita.<\/p>\n<p>&nbsp;<\/p>\n<p>Trechos da contracapa:<\/p>\n<p>\u201c(\u2026) os processos de sobre acumula\u00e7\u00e3o vividos no capitalismo engendraram novas formas de deslocamento das possibilidades de valoriza\u00e7\u00e3o, para garantir que a l\u00f3gica do sistema continue funcionando. Estas sa\u00eddas para a valoriza\u00e7\u00e3o do capital s\u00e3o denominadas por Harvey processo de acumula\u00e7\u00e3o por espolia\u00e7\u00e3o. \u00c9 disto que trata este livro que o leitor tem nas m\u00e3os. Dividida em tr\u00eas partes principais, com a maior parte dos textos sobre o Brasil, a obra tamb\u00e9m oferece reflex\u00f5es sobre processos de resist\u00eancia e precariza\u00e7\u00e3o do trabalho na \u00cdndia, nos Estados Unidos e no Canad\u00e1\u201d.<\/p>\n<p>Trecho do Pref\u00e1cio, escrito por Maria de Mello Malta, Professora Associada do Instituto de Economia da UFRJ, Coordenadora do Laborat\u00f3rio de Estudos Marxistas (UFRJ\/UFRuralRJ) e Pr\u00f3-Reitora de Extens\u00e3o da UFRJ (2015-2019).<\/p>\n<p>&nbsp;<\/p>\n<p>\u201cEste livro, produzido pelo N\u00facleo de Direito Cooperativo e Cidadania (PPGD\/UFPR), espelha o esfor\u00e7o intelectual de pesquisadores de Institui\u00e7\u00f5es de Ensino Superior brasileiras e canadenses, em torno de quest\u00f5es atuais que atravessam as pol\u00edticas p\u00fablicas, as rela\u00e7\u00f5es de trabalho e os Direitos Sociais, na economia financeirizada. A produ\u00e7\u00e3o desta obra s\u00f3 se tornou poss\u00edvel gra\u00e7as ao financiamento da Coordena\u00e7\u00e3o de Aperfei\u00e7oamento de Pessoal de N\u00edvel Superior (CAPES) e ao apoio do Coletivo Nacional de Advogados dos Servidores P\u00fablicos (CNASP)\u201d.<\/p>\n<p>Trecho da Apresenta\u00e7\u00e3o, escrita por Fernando Pires (OPP\/UFC), Jos\u00e9 Ant\u00f4nio Peres Gediel (NDCC, PPGD\/UFPR), Liana Maria da Frota Carleial (NDCC, PPGD\/UFPR) e Yanick Noiseux (GIREPS, Universidade de Montr\u00e9al)<\/p>\n<p>Mais detalhes:\u00a0<a href=\"https:\/\/www.facebook.com\/events\/353338638875741\/?active_tab=about\">https:\/\/www.facebook.com\/events\/353338638875741\/?active_tab=about<\/a><\/p>\n<!-- AddThis Advanced Settings generic via filter on the_content --><!-- AddThis Share Buttons generic via filter on the_content -->","protected":false},"excerpt":{"rendered":"<p>No pr\u00f3ximo dia 12 de setembro acontece, de manh\u00e3 na Universidade Positivo e \u00e0 noite na UFPR, o lan\u00e7amento do livro \u201cPol\u00edticas de Austeridade e Direitos Sociais\u201d. Participou da produ\u00e7\u00e3o da obra o professor Lawrence Estivalet de Mello, que faz parte da diretoria do SINPES. O NDCC (PPGD\/UFPR) convida para os debates de lan\u00e7amento de [&hellip;]<!-- AddThis Advanced Settings generic via filter on wp_trim_excerpt --><!-- AddThis Share Buttons generic via filter on wp_trim_excerpt --><\/p>\n","protected":false},"author":3,"featured_media":2737,"comment_status":"closed","ping_status":"open","sticky":false,"template":"","format":"standard","meta":{"footnotes":""},"categories":[7,18],"tags":[387,386,384,385],"class_list":["post-2736","post","type-post","status-publish","format-standard","has-post-thumbnail","hentry","category-arquivo-de-noticias","category-destaque","tag-direitos-sociais","tag-estado-social","tag-lancamento","tag-livro"],"_links":{"self":[{"href":"https:\/\/sinpes.org.br\/site\/wp-json\/wp\/v2\/posts\/2736","targetHints":{"allow":["GET"]}}],"collection":[{"href":"https:\/\/sinpes.org.br\/site\/wp-json\/wp\/v2\/posts"}],"about":[{"href":"https:\/\/sinpes.org.br\/site\/wp-json\/wp\/v2\/types\/post"}],"author":[{"embeddable":true,"href":"https:\/\/sinpes.org.br\/site\/wp-json\/wp\/v2\/users\/3"}],"replies":[{"embeddable":true,"href":"https:\/\/sinpes.org.br\/site\/wp-json\/wp\/v2\/comments?post=2736"}],"version-history":[{"count":2,"href":"https:\/\/sinpes.org.br\/site\/wp-json\/wp\/v2\/posts\/2736\/revisions"}],"predecessor-version":[{"id":2739,"href":"https:\/\/sinpes.org.br\/site\/wp-json\/wp\/v2\/posts\/2736\/revisions\/2739"}],"wp:featuredmedia":[{"embeddable":true,"href":"https:\/\/sinpes.org.br\/site\/wp-json\/wp\/v2\/media\/2737"}],"wp:attachment":[{"href":"https:\/\/sinpes.org.br\/site\/wp-json\/wp\/v2\/media?parent=2736"}],"wp:term":[{"taxonomy":"category","embeddable":true,"href":"https:\/\/sinpes.org.br\/site\/wp-json\/wp\/v2\/categories?post=2736"},{"taxonomy":"post_tag","embeddable":true,"href":"https:\/\/sinpes.org.br\/site\/wp-json\/wp\/v2\/tags?post=2736"}],"curies":[{"name":"wp","href":"https:\/\/api.w.org\/{rel}","templated":true}]}}