{"id":2729,"date":"2019-08-28T17:27:58","date_gmt":"2019-08-28T20:27:58","guid":{"rendered":"https:\/\/sinpes.org.br\/site\/?p=2729"},"modified":"2019-08-28T17:27:58","modified_gmt":"2019-08-28T20:27:58","slug":"sinpes-cobra-fae-por-sucessivas-demissoes-de-professores","status":"publish","type":"post","link":"https:\/\/sinpes.org.br\/site\/sinpes-cobra-fae-por-sucessivas-demissoes-de-professores\/","title":{"rendered":"Sinpes cobra FAE por sucessivas demiss\u00f5es de professores"},"content":{"rendered":"<p><a href=\"https:\/\/sinpes.org.br\/site\/wp-content\/uploads\/2019\/08\/Sinpes-cobra-FAE-por-sucessivas-demiss\u00f5es-de-professores.jpg\"><img loading=\"lazy\" decoding=\"async\" class=\"aligncenter  wp-image-2730\" src=\"https:\/\/sinpes.org.br\/site\/wp-content\/uploads\/2019\/08\/Sinpes-cobra-FAE-por-sucessivas-demiss\u00f5es-de-professores.jpg\" alt=\"\" width=\"480\" height=\"480\" srcset=\"https:\/\/sinpes.org.br\/site\/wp-content\/uploads\/2019\/08\/Sinpes-cobra-FAE-por-sucessivas-demiss\u00f5es-de-professores.jpg 1080w, https:\/\/sinpes.org.br\/site\/wp-content\/uploads\/2019\/08\/Sinpes-cobra-FAE-por-sucessivas-demiss\u00f5es-de-professores-150x150.jpg 150w, https:\/\/sinpes.org.br\/site\/wp-content\/uploads\/2019\/08\/Sinpes-cobra-FAE-por-sucessivas-demiss\u00f5es-de-professores-300x300.jpg 300w, https:\/\/sinpes.org.br\/site\/wp-content\/uploads\/2019\/08\/Sinpes-cobra-FAE-por-sucessivas-demiss\u00f5es-de-professores-768x768.jpg 768w, https:\/\/sinpes.org.br\/site\/wp-content\/uploads\/2019\/08\/Sinpes-cobra-FAE-por-sucessivas-demiss\u00f5es-de-professores-1024x1024.jpg 1024w\" sizes=\"auto, (max-width: 480px) 100vw, 480px\" \/><\/a><\/p>\n<p>O Sinpes recebeu den\u00fancia de que a FAE Curitiba teria demitido mais de 60 professores nesse ano de 2019, dentre os cerca de 260 que se encontravam na ativa no in\u00edcio do ano.<\/p>\n<p>Seguindo uma l\u00f3gica perversa, a exemplo de outras institui\u00e7\u00f5es de ensino superior que tem sido denunciadas pelo Sinpes pelas constantes demiss\u00f5es e pela retirada de direito de seus professores, a FAE parece ter deixado em segundo plano o despojamento da filosofia de S\u00e3o Francisco de Assis.<\/p>\n<p>Em se confirmando o \u00edndice de 23,07% de demiss\u00f5es sem negocia\u00e7\u00e3o pr\u00e9via com a entidade sindical, a situa\u00e7\u00e3o \u00e9 alarmante e geradora de grande instabilidade emocional e profissional para os que ainda n\u00e3o foram descartados.<\/p>\n<p>Os professores tamb\u00e9m reclamam de sistem\u00e1ticas redu\u00e7\u00f5es de carga hor\u00e1ria, diminui\u00e7\u00e3o do pagamento por atividades complementares sem a redu\u00e7\u00e3o correspondente do trabalho, elimina\u00e7\u00e3o de participa\u00e7\u00e3o discente no Programa Institucional de Bolsas de Inicia\u00e7\u00e3o Cient\u00edfica (<em>PIBIC<\/em>) e mudan\u00e7a na sistem\u00e1tica das orienta\u00e7\u00f5es de monografias, antes feitas de forma particularizada e individual e agora realizadas coletivamente no atacado.<\/p>\n<p>Tudo em detrimento da excel\u00eancia de ensino que ao que parece agora se restringe exclusivamente ao material publicit\u00e1rio produzido, que continua impec\u00e1vel.<\/p>\n<p>O Sinpes est\u00e1 diligenciando no sentido de confirmar a den\u00fancia. Se confirmada, a exemplo de conduta adotada em outras institui\u00e7\u00f5es de ensino superior, buscar\u00e1 a revers\u00e3o das demiss\u00f5es mediante media\u00e7\u00e3o do Minist\u00e9rio P\u00fablico do Trabalho.<\/p>\n<p>Em resposta \u00e0s indaga\u00e7\u00f5es do Sinpes, a FAE respondeu por meio de sua assessoria:<\/p>\n<p><em>A FAE Centro Universit\u00e1rio comunica que as informa\u00e7\u00f5es apontadas n\u00e3o procedem, haja vista que esta Institui\u00e7\u00e3o observa integralmente as disposi\u00e7\u00f5es legais que regulamentam a oferta no Ensino Superior, especialmente no que diz respeito \u00e0s Diretrizes Nacionais das \u00e1reas de atua\u00e7\u00e3o.<\/em><\/p>\n<p><em>Por fim, considerando ser refer\u00eancia no setor educacional, reitera o compromisso com a forma\u00e7\u00e3o de qualidade e o respeito \u00e0 comunidade acad\u00eamica.<\/em><\/p>\n<!-- AddThis Advanced Settings generic via filter on the_content --><!-- AddThis Share Buttons generic via filter on the_content -->","protected":false},"excerpt":{"rendered":"<p>O Sinpes recebeu den\u00fancia de que a FAE Curitiba teria demitido mais de 60 professores nesse ano de 2019, dentre os cerca de 260 que se encontravam na ativa no in\u00edcio do ano. Seguindo uma l\u00f3gica perversa, a exemplo de outras institui\u00e7\u00f5es de ensino superior que tem sido denunciadas pelo Sinpes pelas constantes demiss\u00f5es e [&hellip;]<!-- AddThis Advanced Settings generic via filter on wp_trim_excerpt --><!-- AddThis Share Buttons generic via filter on wp_trim_excerpt --><\/p>\n","protected":false},"author":3,"featured_media":2730,"comment_status":"closed","ping_status":"open","sticky":false,"template":"","format":"standard","meta":{"footnotes":""},"categories":[7,18],"tags":[381,382,372,383,22],"class_list":["post-2729","post","type-post","status-publish","format-standard","has-post-thumbnail","hentry","category-arquivo-de-noticias","category-destaque","tag-demissoe","tag-demissoes-coletivas","tag-direitos","tag-fae","tag-professores"],"_links":{"self":[{"href":"https:\/\/sinpes.org.br\/site\/wp-json\/wp\/v2\/posts\/2729","targetHints":{"allow":["GET"]}}],"collection":[{"href":"https:\/\/sinpes.org.br\/site\/wp-json\/wp\/v2\/posts"}],"about":[{"href":"https:\/\/sinpes.org.br\/site\/wp-json\/wp\/v2\/types\/post"}],"author":[{"embeddable":true,"href":"https:\/\/sinpes.org.br\/site\/wp-json\/wp\/v2\/users\/3"}],"replies":[{"embeddable":true,"href":"https:\/\/sinpes.org.br\/site\/wp-json\/wp\/v2\/comments?post=2729"}],"version-history":[{"count":1,"href":"https:\/\/sinpes.org.br\/site\/wp-json\/wp\/v2\/posts\/2729\/revisions"}],"predecessor-version":[{"id":2731,"href":"https:\/\/sinpes.org.br\/site\/wp-json\/wp\/v2\/posts\/2729\/revisions\/2731"}],"wp:featuredmedia":[{"embeddable":true,"href":"https:\/\/sinpes.org.br\/site\/wp-json\/wp\/v2\/media\/2730"}],"wp:attachment":[{"href":"https:\/\/sinpes.org.br\/site\/wp-json\/wp\/v2\/media?parent=2729"}],"wp:term":[{"taxonomy":"category","embeddable":true,"href":"https:\/\/sinpes.org.br\/site\/wp-json\/wp\/v2\/categories?post=2729"},{"taxonomy":"post_tag","embeddable":true,"href":"https:\/\/sinpes.org.br\/site\/wp-json\/wp\/v2\/tags?post=2729"}],"curies":[{"name":"wp","href":"https:\/\/api.w.org\/{rel}","templated":true}]}}