{"id":2725,"date":"2019-08-23T11:30:06","date_gmt":"2019-08-23T14:30:06","guid":{"rendered":"https:\/\/sinpes.org.br\/site\/?p=2725"},"modified":"2019-08-23T11:30:06","modified_gmt":"2019-08-23T14:30:06","slug":"nota-de-repudio-a-censura-homofobica-realizada-pela-pucpr-e-de-solidariedade-ao-coletivo-estudantil-diversidade-ced","status":"publish","type":"post","link":"https:\/\/sinpes.org.br\/site\/nota-de-repudio-a-censura-homofobica-realizada-pela-pucpr-e-de-solidariedade-ao-coletivo-estudantil-diversidade-ced\/","title":{"rendered":"Nota de rep\u00fadio \u00e0 censura homof\u00f3bica realizada pela PUCPR e de solidariedade ao Coletivo Estudantil Diversidade (CED)"},"content":{"rendered":"<p><a href=\"https:\/\/sinpes.org.br\/site\/wp-content\/uploads\/2019\/08\/Nota-de-rep\u00fadio-\u00e0-censura-homof\u00f3bica-realizada-pela-PUCPR-e-de-solidariedade-ao-Coletivo-Estudantil-Diversidade-CED.jpg\"><img loading=\"lazy\" decoding=\"async\" class=\"aligncenter  wp-image-2726\" src=\"https:\/\/sinpes.org.br\/site\/wp-content\/uploads\/2019\/08\/Nota-de-rep\u00fadio-\u00e0-censura-homof\u00f3bica-realizada-pela-PUCPR-e-de-solidariedade-ao-Coletivo-Estudantil-Diversidade-CED.jpg\" alt=\"\" width=\"612\" height=\"612\" srcset=\"https:\/\/sinpes.org.br\/site\/wp-content\/uploads\/2019\/08\/Nota-de-rep\u00fadio-\u00e0-censura-homof\u00f3bica-realizada-pela-PUCPR-e-de-solidariedade-ao-Coletivo-Estudantil-Diversidade-CED.jpg 1080w, https:\/\/sinpes.org.br\/site\/wp-content\/uploads\/2019\/08\/Nota-de-rep\u00fadio-\u00e0-censura-homof\u00f3bica-realizada-pela-PUCPR-e-de-solidariedade-ao-Coletivo-Estudantil-Diversidade-CED-150x150.jpg 150w, https:\/\/sinpes.org.br\/site\/wp-content\/uploads\/2019\/08\/Nota-de-rep\u00fadio-\u00e0-censura-homof\u00f3bica-realizada-pela-PUCPR-e-de-solidariedade-ao-Coletivo-Estudantil-Diversidade-CED-300x300.jpg 300w, https:\/\/sinpes.org.br\/site\/wp-content\/uploads\/2019\/08\/Nota-de-rep\u00fadio-\u00e0-censura-homof\u00f3bica-realizada-pela-PUCPR-e-de-solidariedade-ao-Coletivo-Estudantil-Diversidade-CED-768x768.jpg 768w, https:\/\/sinpes.org.br\/site\/wp-content\/uploads\/2019\/08\/Nota-de-rep\u00fadio-\u00e0-censura-homof\u00f3bica-realizada-pela-PUCPR-e-de-solidariedade-ao-Coletivo-Estudantil-Diversidade-CED-1024x1024.jpg 1024w\" sizes=\"auto, (max-width: 612px) 100vw, 612px\" \/><\/a><\/p>\n<p>O Coletivo Estudantil Diversidade (CED) da PUCPR foi censurado pela institui\u00e7\u00e3o, com a proibi\u00e7\u00e3o da realiza\u00e7\u00e3o de evento de funda\u00e7\u00e3o do coletivo, que aconteceria nas depend\u00eancias daquela institui\u00e7\u00e3o na pr\u00f3xima semana. A PUC confirma a censura em nota oficial e a justifica de forma contradit\u00f3ria, primeiro afirmando que houve problemas formais para o evento, mas em seguida justificando que deveria &#8220;salvaguardar o di\u00e1logo e evitar toda forma de intoler\u00e2ncia nesse momento conflituoso&#8221;. Ou seja, a PUC quis &#8220;evitar o conflito&#8221; e entendeu que a melhor forma seria silenciar pessoas LGBTIs.<\/p>\n<p>O Brasil \u00e9 o pa\u00eds que mais assassina LGBTs no mundo, uma viol\u00eancia ainda invis\u00edvel justamente por atitudes como a da PUCPR, que silenciam o assunto e fazem parecer equivalentes os &#8220;conflitos&#8221; gerados pela viol\u00eancia contra pessoas LGBTIs e os &#8220;conflitos&#8221; gerados pelo debate p\u00fablico dessa viol\u00eancia.<\/p>\n<p>A natureza dos fen\u00f4menos \u00e9 distinta e a PUCPR possui suficiente esclarecimento sobre o assunto, com diversos professores e professoras comprometidas com pesquisas consistentes sobre a tem\u00e1tica. O fato \u00e9 que a institui\u00e7\u00e3o n\u00e3o consultou seus docentes, n\u00e3o tem interesse em suas opini\u00f5es sobre o evento e, provavelmente, faz do &#8220;di\u00e1logo&#8221; a palavra que, futuramente, ser\u00e1 traduzida como censura, homofobia e ataque \u00e0s liberdades democr\u00e1ticas de express\u00e3o, organiza\u00e7\u00e3o e pluralidade pol\u00edtica.<\/p>\n<p>A PUCPR assume uma pol\u00edtica abertamente discriminat\u00f3ria contra seus estudantes LGBTIs. O SINPES, que representa os professores e as professoras da institui\u00e7\u00e3o, faz quest\u00e3o de manifestar que o corpo docente da universidade n\u00e3o pensa da mesma forma e expressar solidariedade ao Coletivo Estudantil Diversidade, que orgulha a comunidade acad\u00eamica de Curitiba, pela for\u00e7a com que os jovens assumem seu papel na luta por direitos e pela educa\u00e7\u00e3o.<\/p>\n<p>Ficamos \u00e0 disposi\u00e7\u00e3o do CED para di\u00e1logo sobre apoio do sindicato ao coletivo. Desde j\u00e1, disponibilizamos nossa sede para reuni\u00f5es e debates com outros coletivos que defendam as mesmas pautas.<\/p>\n<p>&nbsp;<\/p>\n<p>Em Curitiba, 23 de agosto de 2019.<\/p>\n<p>&nbsp;<\/p>\n<p>SINPES.<\/p>\n<!-- AddThis Advanced Settings generic via filter on the_content --><!-- AddThis Share Buttons generic via filter on the_content -->","protected":false},"excerpt":{"rendered":"<p>O Coletivo Estudantil Diversidade (CED) da PUCPR foi censurado pela institui\u00e7\u00e3o, com a proibi\u00e7\u00e3o da realiza\u00e7\u00e3o de evento de funda\u00e7\u00e3o do coletivo, que aconteceria nas depend\u00eancias daquela institui\u00e7\u00e3o na pr\u00f3xima semana. A PUC confirma a censura em nota oficial e a justifica de forma contradit\u00f3ria, primeiro afirmando que houve problemas formais para o evento, mas [&hellip;]<!-- AddThis Advanced Settings generic via filter on wp_trim_excerpt --><!-- AddThis Share Buttons generic via filter on wp_trim_excerpt --><\/p>\n","protected":false},"author":3,"featured_media":0,"comment_status":"closed","ping_status":"open","sticky":false,"template":"","format":"standard","meta":{"footnotes":""},"categories":[7,18,2],"tags":[346,378,380,379,61],"class_list":["post-2725","post","type-post","status-publish","format-standard","hentry","category-arquivo-de-noticias","category-destaque","category-puc","tag-censura","tag-diversidade","tag-lgbti","tag-nota-de-repudio","tag-puc"],"_links":{"self":[{"href":"https:\/\/sinpes.org.br\/site\/wp-json\/wp\/v2\/posts\/2725","targetHints":{"allow":["GET"]}}],"collection":[{"href":"https:\/\/sinpes.org.br\/site\/wp-json\/wp\/v2\/posts"}],"about":[{"href":"https:\/\/sinpes.org.br\/site\/wp-json\/wp\/v2\/types\/post"}],"author":[{"embeddable":true,"href":"https:\/\/sinpes.org.br\/site\/wp-json\/wp\/v2\/users\/3"}],"replies":[{"embeddable":true,"href":"https:\/\/sinpes.org.br\/site\/wp-json\/wp\/v2\/comments?post=2725"}],"version-history":[{"count":1,"href":"https:\/\/sinpes.org.br\/site\/wp-json\/wp\/v2\/posts\/2725\/revisions"}],"predecessor-version":[{"id":2727,"href":"https:\/\/sinpes.org.br\/site\/wp-json\/wp\/v2\/posts\/2725\/revisions\/2727"}],"wp:attachment":[{"href":"https:\/\/sinpes.org.br\/site\/wp-json\/wp\/v2\/media?parent=2725"}],"wp:term":[{"taxonomy":"category","embeddable":true,"href":"https:\/\/sinpes.org.br\/site\/wp-json\/wp\/v2\/categories?post=2725"},{"taxonomy":"post_tag","embeddable":true,"href":"https:\/\/sinpes.org.br\/site\/wp-json\/wp\/v2\/tags?post=2725"}],"curies":[{"name":"wp","href":"https:\/\/api.w.org\/{rel}","templated":true}]}}