{"id":2722,"date":"2019-08-21T11:09:38","date_gmt":"2019-08-21T14:09:38","guid":{"rendered":"https:\/\/sinpes.org.br\/site\/?p=2722"},"modified":"2019-08-21T11:09:38","modified_gmt":"2019-08-21T14:09:38","slug":"crise-na-up-sinpes-convida-pio-martins-para-uma-mesa-redonda","status":"publish","type":"post","link":"https:\/\/sinpes.org.br\/site\/crise-na-up-sinpes-convida-pio-martins-para-uma-mesa-redonda\/","title":{"rendered":"CRISE NA UP: SINPES CONVIDA PIO MARTINS PARA UMA MESA REDONDA"},"content":{"rendered":"<p><a href=\"https:\/\/sinpes.org.br\/site\/wp-content\/uploads\/2019\/08\/2UGxv6zX_400x400.png\"><img loading=\"lazy\" decoding=\"async\" class=\"aligncenter size-full wp-image-2723\" src=\"https:\/\/sinpes.org.br\/site\/wp-content\/uploads\/2019\/08\/2UGxv6zX_400x400.png\" alt=\"\" width=\"400\" height=\"400\" srcset=\"https:\/\/sinpes.org.br\/site\/wp-content\/uploads\/2019\/08\/2UGxv6zX_400x400.png 400w, https:\/\/sinpes.org.br\/site\/wp-content\/uploads\/2019\/08\/2UGxv6zX_400x400-150x150.png 150w, https:\/\/sinpes.org.br\/site\/wp-content\/uploads\/2019\/08\/2UGxv6zX_400x400-300x300.png 300w\" sizes=\"auto, (max-width: 400px) 100vw, 400px\" \/><\/a><\/p>\n<p>Antes de buscar a media\u00e7\u00e3o dos graves problemas sofridos pela Universidade Positivo junto \u00e0 Procuradoria Regional do Trabalho e tomar medidas judiciais que se imp\u00f5e o Sinpes quer apostar no di\u00e1logo amplo e aberto com as autoridades universit\u00e1rias da UP<\/p>\n<p>Para isso est\u00e1 convidando o Reitor Pio Martins para conversas sobre o generalizado descontentamento dos professores da UP com as medidas mercantilistas e precarizadoras das condi\u00e7\u00f5es de trabalho e de ensino que v\u00eam sendo adotadas especialmente ap\u00f3s a elei\u00e7\u00e3o do Professor Oriovisto Guimar\u00e3es para o Senado da Rep\u00fablica.<\/p>\n<p>Veja em seguida <em>fac s\u00edmile <\/em>do convite formulado pelo Sinpes com sugest\u00e3o da pauta de discuss\u00e3o.<\/p>\n<p>&#8212;&#8212;&#8212;&#8212;&#8212;&#8212;&#8212;&#8212;&#8212;&#8212;&#8212;&#8212;&#8212;&#8212;&#8212;&#8212;&#8212;&#8212;&#8212;&#8212;&#8212;&#8212;&#8212;&#8212;&#8212;&#8212;&#8212;&#8212;&#8212;&#8212;&#8212;&#8212;&#8212;<\/p>\n<p><strong>Ao Magn\u00edfico Reitor da Universidade Positivo, <\/strong><\/p>\n<p><strong>Ilmo. Professor Jos\u00e9 Pio Martins:<\/strong><\/p>\n<p>&nbsp;<\/p>\n<p>&nbsp;<\/p>\n<p>SINDICATO DOS PROFESSORES DO ENSINO SUPERIOR DE CURITIBA E DA REGI\u00c3O METROPOLITANA reitera pedido de reuni\u00e3o formulado anteriormente entre a Reitoria da UP e a Dire\u00e7\u00e3o do SINPES, para tratar de demandas de docentes da institui\u00e7\u00e3o, recebidas pelo SINPES.<\/p>\n<p>Como sugest\u00e3o de pauta elenca os seguintes temas:<\/p>\n<p>&#8211; Congelamento de promo\u00e7\u00f5es dos Planos de Cargos e Sal\u00e1rios vigentes;<\/p>\n<p>&#8211; Disparidade entre Planos de Cargos e Sal\u00e1rios Vigentes;<\/p>\n<p>&#8211; Prioriza\u00e7\u00e3o da distribui\u00e7\u00e3o de horas aulas para os professores com sal\u00e1rios inferiores sem a an\u00e1lise devida do docente que tem melhor ader\u00eancia;<\/p>\n<p>&#8211; Demiss\u00f5es no meio do semestre e na fase final da orienta\u00e7\u00e3o de trabalhos de conclus\u00e3o de curso, com graves preju\u00edzos para os estudantes;<\/p>\n<p>&#8211; Disparidade entre o valor da hora\/aula de tablado e das demais atividades, que exigem mesma performance e mesmo conte\u00fado do docente;<\/p>\n<p>&#8211; Redu\u00e7\u00e3o da carga hor\u00e1ria na Gradua\u00e7\u00e3o e na Especializa\u00e7\u00e3o;<\/p>\n<p>&#8211; Projeto de Inicia\u00e7\u00e3o Cient\u00edfica;<\/p>\n<p>&#8211; Acesso \u00e0s Pesquisas de Satisfa\u00e7\u00e3o;<\/p>\n<p>&#8211; Regras de Compliance que afetam a liberdade de express\u00e3o, assim como outros direitos e garantias individuais;<\/p>\n<p>&#8211; Reclama\u00e7\u00f5es por falta de clareza no holerite dos professores;<\/p>\n<p>&#8211; Projetos de Inicia\u00e7\u00e3o Cient\u00edfica e projetos de Inicia\u00e7\u00e3o Tecnol\u00f3gica s\u00f3 para professores 40 horas, o que reduz os temas de pesquisas dos cursos porque focam em poucos pesquisadores;<\/p>\n<p>&#8211; Necessidade de se estabelecer pol\u00edtica de transi\u00e7\u00e3o, com a colabora\u00e7\u00e3o do docente respons\u00e1vel pela disciplina presencial na elabora\u00e7\u00e3o do plano e conte\u00fado EAD a fim de que os professores tenham conhecimento da iminente transforma\u00e7\u00e3o da forma de transmiss\u00e3o da disciplina e com o objetivo de que o conte\u00fado guarde correla\u00e7\u00e3o e coer\u00eancia com o conte\u00fado da disciplina at\u00e9 ent\u00e3o lecionado;<\/p>\n<p>&#8211; Divulga\u00e7\u00e3o do resultado junto ao corpo docente da pesquisa de satisfa\u00e7\u00e3o;<\/p>\n<p>&#8211; Inser\u00e7\u00e3o no controle de ponto das horas extraclasses praticadas para fim de correta remunera\u00e7\u00e3o dos professores;<\/p>\n<p>&#8211; Distribui\u00e7\u00e3o de horas aulas para EAD e para p\u00f3s-gradua\u00e7\u00e3o lato sensu mediante a sistem\u00e1tica de \u201ccarta-convite\u201d<\/p>\n<p>Sem mais subscreve-se, consignando protestos de elevada considera\u00e7\u00e3o.<\/p>\n<p>Curitiba, 21.08.2019.<\/p>\n<p>&nbsp;<\/p>\n<!-- AddThis Advanced Settings generic via filter on the_content --><!-- AddThis Share Buttons generic via filter on the_content -->","protected":false},"excerpt":{"rendered":"<p>Antes de buscar a media\u00e7\u00e3o dos graves problemas sofridos pela Universidade Positivo junto \u00e0 Procuradoria Regional do Trabalho e tomar medidas judiciais que se imp\u00f5e o Sinpes quer apostar no di\u00e1logo amplo e aberto com as autoridades universit\u00e1rias da UP Para isso est\u00e1 convidando o Reitor Pio Martins para conversas sobre o generalizado descontentamento dos [&hellip;]<!-- AddThis Advanced Settings generic via filter on wp_trim_excerpt --><!-- AddThis Share Buttons generic via filter on wp_trim_excerpt --><\/p>\n","protected":false},"author":3,"featured_media":0,"comment_status":"closed","ping_status":"open","sticky":false,"template":"","format":"standard","meta":{"footnotes":""},"categories":[7,18,175],"tags":[47,22,71,198],"class_list":["post-2722","post","type-post","status-publish","format-standard","hentry","category-arquivo-de-noticias","category-destaque","category-positivo","tag-pagamentos","tag-professores","tag-reajuste-salarial","tag-universidade-positivo"],"_links":{"self":[{"href":"https:\/\/sinpes.org.br\/site\/wp-json\/wp\/v2\/posts\/2722","targetHints":{"allow":["GET"]}}],"collection":[{"href":"https:\/\/sinpes.org.br\/site\/wp-json\/wp\/v2\/posts"}],"about":[{"href":"https:\/\/sinpes.org.br\/site\/wp-json\/wp\/v2\/types\/post"}],"author":[{"embeddable":true,"href":"https:\/\/sinpes.org.br\/site\/wp-json\/wp\/v2\/users\/3"}],"replies":[{"embeddable":true,"href":"https:\/\/sinpes.org.br\/site\/wp-json\/wp\/v2\/comments?post=2722"}],"version-history":[{"count":1,"href":"https:\/\/sinpes.org.br\/site\/wp-json\/wp\/v2\/posts\/2722\/revisions"}],"predecessor-version":[{"id":2724,"href":"https:\/\/sinpes.org.br\/site\/wp-json\/wp\/v2\/posts\/2722\/revisions\/2724"}],"wp:attachment":[{"href":"https:\/\/sinpes.org.br\/site\/wp-json\/wp\/v2\/media?parent=2722"}],"wp:term":[{"taxonomy":"category","embeddable":true,"href":"https:\/\/sinpes.org.br\/site\/wp-json\/wp\/v2\/categories?post=2722"},{"taxonomy":"post_tag","embeddable":true,"href":"https:\/\/sinpes.org.br\/site\/wp-json\/wp\/v2\/tags?post=2722"}],"curies":[{"name":"wp","href":"https:\/\/api.w.org\/{rel}","templated":true}]}}