{"id":2719,"date":"2019-08-20T16:12:53","date_gmt":"2019-08-20T19:12:53","guid":{"rendered":"https:\/\/sinpes.org.br\/site\/?p=2719"},"modified":"2019-08-20T16:12:53","modified_gmt":"2019-08-20T19:12:53","slug":"o-que-esta-por-tras-da-adesao-macica-ao-novo-plano-de-cargos-e-salarios","status":"publish","type":"post","link":"https:\/\/sinpes.org.br\/site\/o-que-esta-por-tras-da-adesao-macica-ao-novo-plano-de-cargos-e-salarios\/","title":{"rendered":"O QUE EST\u00c1 POR TR\u00c1S DA \u201cADES\u00c3O MACI\u00c7A\u201d AO NOVO PLANO DE CARGOS E SAL\u00c1RIOS"},"content":{"rendered":"<p><a href=\"https:\/\/sinpes.org.br\/site\/wp-content\/uploads\/2019\/08\/puc-pr.png\"><img loading=\"lazy\" decoding=\"async\" class=\"aligncenter size-full wp-image-2720\" src=\"https:\/\/sinpes.org.br\/site\/wp-content\/uploads\/2019\/08\/puc-pr.png\" alt=\"\" width=\"390\" height=\"390\" srcset=\"https:\/\/sinpes.org.br\/site\/wp-content\/uploads\/2019\/08\/puc-pr.png 390w, https:\/\/sinpes.org.br\/site\/wp-content\/uploads\/2019\/08\/puc-pr-150x150.png 150w, https:\/\/sinpes.org.br\/site\/wp-content\/uploads\/2019\/08\/puc-pr-300x300.png 300w\" sizes=\"auto, (max-width: 390px) 100vw, 390px\" \/><\/a><\/p>\n<p>A maci\u00e7a ades\u00e3o ao Novo Plano de Cargos e Carreiras proposto pela PUC-PR, que teria atingido o percentual de 90% dos professores da institui\u00e7\u00e3o e \u00e0 dispendiosa arbitragem promovida pela CANATRA, reflete claramente os efeitos da coa\u00e7\u00e3o promovida pelas autoridades universit\u00e1rias contra os professores, aproveitando-se do clima de inseguran\u00e7a e de recess\u00e3o que atravessa o pa\u00eds e do temor representado pelas diversas despedidas coletivas promovida pelos maristas antes do processo de \u201cop\u00e7\u00e3o\u201d.<\/p>\n<p>Outro v\u00edcio que macula a constrangedora \u201cades\u00e3o\u201d em massa chama-se dolo subjetivo, que \u00e9 quando uma parte, aproveitando-se da premente necessidade da outra, imp\u00f5e-lhe condi\u00e7\u00f5es contratuais francamente desfavor\u00e1veis.<\/p>\n<p>O Sinpes v\u00ea com otimismo o \u00edndice obtido a f\u00f3rceps pela PUCPR. S\u00f3 mesmo a intensa coa\u00e7\u00e3o vivenciada pelos professores explica a \u201cades\u00e3o\u201d de mais do dobro dos professores que votaram inicialmente a favor das mudan\u00e7as (cerca de 33,16% do total dos docentes). A intensa press\u00e3o sofrida \u00b4pelos professores \u00e9 a \u00fanica explica\u00e7\u00e3o plaus\u00edvel para a \u201cop\u00e7\u00e3o\u201d por um plano que desmantela direitos hist\u00f3ricos dos docentes sem qualquer contrapartida atraente.<\/p>\n<p>A tentativa de transformar o debate proposto pelo Sinpes no principal campus da universidade com transmiss\u00e3o direta para todos em uma reuni\u00e3o a ser realizada no Instituto de Engenharia sem possibilidade de grava\u00e7\u00e3o de imagem e de som com seis participantes escolhidos pela PUCPR e seis escolhidos pelo Sinpes (ao contr\u00e1rio do palco oferecido ao Presidente da CANATRA por raz\u00f5es \u00f3bvias) \u00e9 mais uma demonstra\u00e7\u00e3o veemente da aus\u00eancia de disponibilidade para com o di\u00e1logo e o debate livre de ideias, que contamina o processo.<\/p>\n<p>Como \u00faltima tentativa de desmontar pela salutar via da negocia\u00e7\u00e3o a armadilha\u00a0 preparada contra os direitos trabalhistas\u00a0 dos professores da PUCPR o Sinpes propor\u00e1 a media\u00e7\u00e3o do impasse ao Minist\u00e9rio P\u00fablico do Trabalho.<\/p>\n<p>&nbsp;<\/p>\n<!-- AddThis Advanced Settings generic via filter on the_content --><!-- AddThis Share Buttons generic via filter on the_content -->","protected":false},"excerpt":{"rendered":"<p>A maci\u00e7a ades\u00e3o ao Novo Plano de Cargos e Carreiras proposto pela PUC-PR, que teria atingido o percentual de 90% dos professores da institui\u00e7\u00e3o e \u00e0 dispendiosa arbitragem promovida pela CANATRA, reflete claramente os efeitos da coa\u00e7\u00e3o promovida pelas autoridades universit\u00e1rias contra os professores, aproveitando-se do clima de inseguran\u00e7a e de recess\u00e3o que atravessa o [&hellip;]<!-- AddThis Advanced Settings generic via filter on wp_trim_excerpt --><!-- AddThis Share Buttons generic via filter on wp_trim_excerpt --><\/p>\n","protected":false},"author":3,"featured_media":2720,"comment_status":"closed","ping_status":"open","sticky":false,"template":"","format":"standard","meta":{"footnotes":""},"categories":[7,18,2],"tags":[366,377,374,22,61],"class_list":["post-2719","post","type-post","status-publish","format-standard","has-post-thumbnail","hentry","category-arquivo-de-noticias","category-destaque","category-puc","tag-demissoes","tag-maristas","tag-plano-de-cargos-e-salarios","tag-professores","tag-puc"],"_links":{"self":[{"href":"https:\/\/sinpes.org.br\/site\/wp-json\/wp\/v2\/posts\/2719","targetHints":{"allow":["GET"]}}],"collection":[{"href":"https:\/\/sinpes.org.br\/site\/wp-json\/wp\/v2\/posts"}],"about":[{"href":"https:\/\/sinpes.org.br\/site\/wp-json\/wp\/v2\/types\/post"}],"author":[{"embeddable":true,"href":"https:\/\/sinpes.org.br\/site\/wp-json\/wp\/v2\/users\/3"}],"replies":[{"embeddable":true,"href":"https:\/\/sinpes.org.br\/site\/wp-json\/wp\/v2\/comments?post=2719"}],"version-history":[{"count":1,"href":"https:\/\/sinpes.org.br\/site\/wp-json\/wp\/v2\/posts\/2719\/revisions"}],"predecessor-version":[{"id":2721,"href":"https:\/\/sinpes.org.br\/site\/wp-json\/wp\/v2\/posts\/2719\/revisions\/2721"}],"wp:featuredmedia":[{"embeddable":true,"href":"https:\/\/sinpes.org.br\/site\/wp-json\/wp\/v2\/media\/2720"}],"wp:attachment":[{"href":"https:\/\/sinpes.org.br\/site\/wp-json\/wp\/v2\/media?parent=2719"}],"wp:term":[{"taxonomy":"category","embeddable":true,"href":"https:\/\/sinpes.org.br\/site\/wp-json\/wp\/v2\/categories?post=2719"},{"taxonomy":"post_tag","embeddable":true,"href":"https:\/\/sinpes.org.br\/site\/wp-json\/wp\/v2\/tags?post=2719"}],"curies":[{"name":"wp","href":"https:\/\/api.w.org\/{rel}","templated":true}]}}