{"id":2706,"date":"2019-08-12T09:42:52","date_gmt":"2019-08-12T12:42:52","guid":{"rendered":"https:\/\/sinpes.org.br\/site\/?p=2706"},"modified":"2019-09-09T11:20:16","modified_gmt":"2019-09-09T14:20:16","slug":"professores-da-puc-celebram-sucesso-da-live-realizada-pelo-sinpes","status":"publish","type":"post","link":"https:\/\/sinpes.org.br\/site\/professores-da-puc-celebram-sucesso-da-live-realizada-pelo-sinpes\/","title":{"rendered":"PROFESSORES DA PUC CELEBRAM SUCESSO DA LIVE REALIZADA PELO SINPES"},"content":{"rendered":"<p><a href=\"https:\/\/sinpes.org.br\/site\/wp-content\/uploads\/2019\/08\/IMG_0468.jpg\"><img loading=\"lazy\" decoding=\"async\" class=\"aligncenter wp-image-2707\" src=\"https:\/\/sinpes.org.br\/site\/wp-content\/uploads\/2019\/08\/IMG_0468.jpg\" alt=\"\" width=\"638\" height=\"479\" srcset=\"https:\/\/sinpes.org.br\/site\/wp-content\/uploads\/2019\/08\/IMG_0468.jpg 4000w, https:\/\/sinpes.org.br\/site\/wp-content\/uploads\/2019\/08\/IMG_0468-300x225.jpg 300w, https:\/\/sinpes.org.br\/site\/wp-content\/uploads\/2019\/08\/IMG_0468-768x576.jpg 768w, https:\/\/sinpes.org.br\/site\/wp-content\/uploads\/2019\/08\/IMG_0468-1024x768.jpg 1024w\" sizes=\"auto, (max-width: 638px) 100vw, 638px\" \/><\/a><\/p>\n<p>Foi coroada de pleno sucesso a <em>live<\/em> realizada pelo SINPES dirigida aos professores da PUCPR, \u00e0s voltas com intensa press\u00e3o de Diretores, Decanos e demais autoridades universit\u00e1rias para que \u201coptem\u201d por plano de cargos e sal\u00e1rios que desmantela direitos hist\u00f3ricos dos docentes e \u201celejam\u201d para solu\u00e7\u00e3o de eventuais lit\u00edgios atinentes ao novo plano a CANATRA, Comiss\u00e3o de Arbitragem que at\u00e9 h\u00e1 bem pouco tempo contava como Vice-Presidente o advogado da PUCPR.<\/p>\n<p>Infelizmente o Vice-Reitor da PUCPR n\u00e3o compareceu nem enviou nenhum representante para o debate convocado pelo Sinpes, t\u00e3o importante para elucidar a d\u00favidas de seus professores. Na oportunidade estiveram presentes representantes da Uni\u00e3o Paranaense dos Estudantes e da Uni\u00e3o Nacional dos Estudantes, os quais prestaram irrestrita solidariedade aos professores, oprimidos por coa\u00e7\u00e3o irresist\u00edvel.<\/p>\n<p>Por ocasi\u00e3o do evento o Presidente e a Vice-Presidente do SINPES prestaram in\u00fameros esclarecimentos sobre os inconvenientes da \u201cop\u00e7\u00e3o\u201d a que os professores v\u00eam sendo compelidos, enfatizando cada um dos pontos negativos que decorrem do novo Plano de Cargos e Sal\u00e1rios, concebido em desfavor dos professores. A falta de imparcialidade da CANATRA tamb\u00e9m foi enfatizada. Os dirigentes do Sinpes tiveram a oportunidade de esclarecer que os que n\u00e3o resistirem \u00e0 coa\u00e7\u00e3o sofrida acabar\u00e3o se tornando v\u00edtimas indefesas e mais baratas para as despedidas abusivas que certamente advir\u00e3o.<\/p>\n<p>Qualquer pessoa pode ter acesso \u00e0 integralidade das reflex\u00f5es na p\u00e1gina do <em>facebook<\/em> do Sinpes.<\/p>\n<p>Em resposta a pergunta formulada por docente via WhatsApp os dirigentes do Sinpes esclareceram que a exemplo do parlamentar que retira sua assinatura de documentos de convoca\u00e7\u00e3o de CPIs, o professor da PUC tamb\u00e9m pode, at\u00e9 16 de agosto de 2019, encaminhar correspond\u00eancia \u00e0 PUC reconsiderando sua op\u00e7\u00e3o pelo novo Plano e manifestando sua inten\u00e7\u00e3o de permanecer no antigo.<\/p>\n<p>Em caso da PUC recusar a protocolar essa correspond\u00eancia, os professores devem externar sua inten\u00e7\u00e3o de tornar sem efeito a precipitada op\u00e7\u00e3o mediante telegrama com c\u00f3pia confirmat\u00f3ria de inteiro teor e aviso de recebimento.<\/p>\n<p>&#8212;&#8212;&#8212;&#8212;&#8212;&#8212;&#8212;&#8212;&#8212;&#8212;&#8212;&#8212;&#8212;&#8212;&#8212;&#8212;&#8212;&#8212;&#8212;&#8212;&#8212;&#8212;&#8212;&#8212;&#8212;&#8212;&#8212;&#8212;&#8212;&#8212;&#8212;&#8212;&#8212;&#8212;&#8212;&#8212;&#8212;&#8212;&#8212;&#8212;&#8212;&#8212;&#8212;&#8212;&#8212;&#8211;<\/p>\n<p>MODELO DO CONTE\u00daDO DE CARTA QUE DEVE SER PROTOCOLADA NA PUC AT\u00c9 O DIA 16.08.2019 OU DE TELEGRAMA COM C\u00d3PIA CONFIRMAT\u00d3RIA DE INTEIRO TEOR E AVISO DE RECEBIMENTO A SER ENCAMINHADO NA HIP\u00d3TESE DE RECUSA DE PROTOCOLO PELA PUC:<\/p>\n<p>&nbsp;<\/p>\n<p>&nbsp;<\/p>\n<p>Exmo. Diretor de Recursos Humanos da PUCPR:<\/p>\n<p>&nbsp;<\/p>\n<p>&nbsp;<\/p>\n<p>Sirvo-me do presente para consignar minha inten\u00e7\u00e3o dentro do prazo que me foi concedido, de tornar sem efeito op\u00e7\u00e3o anterior pelo novo plano de cargos e sal\u00e1rios, assim como ado\u00e7\u00e3o da CANATRA para elucidar eventuais lit\u00edgios decorrentes dessa op\u00e7\u00e3o. Em decorr\u00eancia dessa manifesta\u00e7\u00e3o consigno minha inten\u00e7\u00e3o de permanecer no plano antigo<\/p>\n<p>&nbsp;<\/p>\n<p>Curitiba, 12 de agosto de 2019.<\/p>\n<p>&nbsp;<\/p>\n<p>Nome do(a) Professor(a)<\/p>\n<p>&nbsp;<\/p>\n<p><strong>\u00a0<\/strong><\/p>\n<p><strong>Recebi em ___\/___\/___.<\/strong><\/p>\n<p><strong>\u00a0<\/strong><\/p>\n<p><strong>\u00a0<\/strong><\/p>\n<p><strong>\u00a0<\/strong><\/p>\n<p><strong>\u00a0<\/strong><\/p>\n<p><strong>\u00a0<\/strong><\/p>\n<p><strong>\u00a0<\/strong><\/p>\n<p><strong>\u00a0<\/strong><\/p>\n<!-- AddThis Advanced Settings generic via filter on the_content --><!-- AddThis Share Buttons generic via filter on the_content -->","protected":false},"excerpt":{"rendered":"<p>Foi coroada de pleno sucesso a live realizada pelo SINPES dirigida aos professores da PUCPR, \u00e0s voltas com intensa press\u00e3o de Diretores, Decanos e demais autoridades universit\u00e1rias para que \u201coptem\u201d por plano de cargos e sal\u00e1rios que desmantela direitos hist\u00f3ricos dos docentes e \u201celejam\u201d para solu\u00e7\u00e3o de eventuais lit\u00edgios atinentes ao novo plano a CANATRA, [&hellip;]<!-- AddThis Advanced Settings generic via filter on wp_trim_excerpt --><!-- AddThis Share Buttons generic via filter on wp_trim_excerpt --><\/p>\n","protected":false},"author":3,"featured_media":0,"comment_status":"closed","ping_status":"open","sticky":false,"template":"","format":"standard","meta":{"footnotes":""},"categories":[18,224],"tags":[],"class_list":["post-2706","post","type-post","status-publish","format-standard","hentry","category-destaque","category-didata"],"_links":{"self":[{"href":"https:\/\/sinpes.org.br\/site\/wp-json\/wp\/v2\/posts\/2706","targetHints":{"allow":["GET"]}}],"collection":[{"href":"https:\/\/sinpes.org.br\/site\/wp-json\/wp\/v2\/posts"}],"about":[{"href":"https:\/\/sinpes.org.br\/site\/wp-json\/wp\/v2\/types\/post"}],"author":[{"embeddable":true,"href":"https:\/\/sinpes.org.br\/site\/wp-json\/wp\/v2\/users\/3"}],"replies":[{"embeddable":true,"href":"https:\/\/sinpes.org.br\/site\/wp-json\/wp\/v2\/comments?post=2706"}],"version-history":[{"count":3,"href":"https:\/\/sinpes.org.br\/site\/wp-json\/wp\/v2\/posts\/2706\/revisions"}],"predecessor-version":[{"id":2713,"href":"https:\/\/sinpes.org.br\/site\/wp-json\/wp\/v2\/posts\/2706\/revisions\/2713"}],"wp:attachment":[{"href":"https:\/\/sinpes.org.br\/site\/wp-json\/wp\/v2\/media?parent=2706"}],"wp:term":[{"taxonomy":"category","embeddable":true,"href":"https:\/\/sinpes.org.br\/site\/wp-json\/wp\/v2\/categories?post=2706"},{"taxonomy":"post_tag","embeddable":true,"href":"https:\/\/sinpes.org.br\/site\/wp-json\/wp\/v2\/tags?post=2706"}],"curies":[{"name":"wp","href":"https:\/\/api.w.org\/{rel}","templated":true}]}}