{"id":2698,"date":"2019-08-05T08:51:44","date_gmt":"2019-08-05T11:51:44","guid":{"rendered":"https:\/\/sinpes.org.br\/site\/?p=2698"},"modified":"2019-09-20T11:23:19","modified_gmt":"2019-09-20T14:23:19","slug":"vidal-martins-comparecera-ao-proximo-debate","status":"publish","type":"post","link":"https:\/\/sinpes.org.br\/site\/vidal-martins-comparecera-ao-proximo-debate\/","title":{"rendered":"VIDAL MARTINS COMPARECER\u00c1 AO PR\u00d3XIMO DEBATE?"},"content":{"rendered":"<p><a href=\"https:\/\/sinpes.org.br\/site\/wp-content\/uploads\/2019\/08\/Debate-.jpg\"><img loading=\"lazy\" decoding=\"async\" class=\"aligncenter wp-image-2699\" src=\"https:\/\/sinpes.org.br\/site\/wp-content\/uploads\/2019\/08\/Debate-.jpg\" alt=\"\" width=\"668\" height=\"350\" srcset=\"https:\/\/sinpes.org.br\/site\/wp-content\/uploads\/2019\/08\/Debate-.jpg 1200w, https:\/\/sinpes.org.br\/site\/wp-content\/uploads\/2019\/08\/Debate--300x157.jpg 300w, https:\/\/sinpes.org.br\/site\/wp-content\/uploads\/2019\/08\/Debate--768x402.jpg 768w, https:\/\/sinpes.org.br\/site\/wp-content\/uploads\/2019\/08\/Debate--1024x536.jpg 1024w\" sizes=\"auto, (max-width: 668px) 100vw, 668px\" \/><\/a><\/p>\n<p><strong>Parece que n\u00e3o!<\/strong> Em 11 de julho de 2019 o Sinpes protocolou novo convite para que o Professor Vidal Martins ou pessoa de sua confian\u00e7a escolhessem data e hor\u00e1ria na segunda semana do m\u00eas de agosto para debater com o Presidente do Sinpes os pr\u00f3s e contras do novo Plano de Cargos e Sal\u00e1rios da PUC-PR.<\/p>\n<p>Com isso pretendia o Sinpes evitar que as autoridades universit\u00e1rias fugissem do salutar debate alegando \u201ccompromisso inadi\u00e1vel previamente assumido e por tratar-se de per\u00edodo de recesso acad\u00eamico\u201d.<\/p>\n<p>Ledo engano!<\/p>\n<p>At\u00e9 agora o Sinpes n\u00e3o recebeu nenhuma resposta da Vice-Reitoria da PUCPR. A \u00fanica manifesta\u00e7\u00e3o da PUC-PR foi encaminhada ao Sinpes pelo Diretor de Desenvolvimento Humano e Organizacional, \u201cagradecendo&#8230; o intuito do sindicato realizar mesa redonda para dirimir eventuais d\u00favidas referentes ao Plano de Carreira Docente&#8230;\u201d e afirmando \u201cque em breve informaremos o local e data da reuni\u00e3o&#8230;\u201d<\/p>\n<p>O Sinpes n\u00e3o tem a a menor d\u00favida de que o plano que est\u00e1 sendo imposto aos professores mediante uma artificiosa op\u00e7\u00e3o sem qualquer garantia para os que ousarem contrariar a Reitoria constitui o maior retrocesso nos direitos da categoria dos professores do ensino superior nos \u00faltimos 100 anos.<\/p>\n<p>Ainda mais se levando em conta a situa\u00e7\u00e3o delicada em que foram colocados os professores sexagen\u00e1rios com o plano e a\u00a0 maliciosa inser\u00e7\u00e3o no termo de op\u00e7\u00e3o de uma \u201ccl\u00e1usula de arbitragem\u201d que n\u00e3o foi em nenhum momento discutida entre os professores e que elege uma C\u00e2mara de Concilia\u00e7\u00e3o dirigida at\u00e9 bem pouco tempo pelo Dr. S\u00e9rgio Rocha Pombo, advogado da PUC.<\/p>\n<p>Portanto n\u00e3o precisa de nenhum esclarecimento. Prop\u00f5e o debate justamente para se contrapor ao discurso oficial \u00e0 luz do salutar e livre embate de ideias que deveria permear todas as iniciativas no \u00e2mbito universit\u00e1rio.<\/p>\n<p><strong>Diante do sil\u00eancio eloquente das autoridades universit\u00e1rias e da proximidade do prazo final unilateralmente imposto pela Reitoria para a suposta op\u00e7\u00e3o, o Sinpes comunica que designou para o dia 08 de agosto de 2019 \u00e0s 18h00min no Hotel Roochelle o debate sugerido com transmiss\u00e3o ao vivo pelo Facebook.\u00a0\u00a0 Todas as duvidas poder\u00e3o ser dirimidas na ocasi\u00e3o, compare\u00e7a ou n\u00e3o algum emiss\u00e1rio da Vice-Reitoria. <\/strong><\/p>\n<p>&nbsp;<\/p>\n<p><strong>PLANO DE CARGOS E SAL\u00c1RIOS E A POL\u00caMICA \u201cGRATIFICA\u00c7\u00c3O DE RESULTADOS\u201d<\/strong><\/p>\n<p>A suposta \u201cop\u00e7\u00e3o\u201d por Plano de Cargos e Sal\u00e1rios da PUCPR que promove o desmantelamento de direitos hist\u00f3ricos dos seus professores amealhados durante d\u00e9cadas tais como a irredutibilidade de carga hor\u00e1ria, os quinqu\u00eanios, crit\u00e9rios objetivos de avalia\u00e7\u00e3o, promo\u00e7\u00e3o e progress\u00e3o funcional e a liberdade de c\u00e1tedra encerra o falso dilema propalado pelo atual Governo Federal, bem ao gosto destes tempos bicudos:<strong> \u201cMenos direitos e emprego ou manuten\u00e7\u00e3o de direitos e desemprego!\u201d<\/strong><\/p>\n<p>Trata-se de uma fal\u00e1cia j\u00e1 que nenhuma garantia de emprego est\u00e1 sendo proposta para os que \u201coptarem\u201d pelo novo plano. Ao contr\u00e1rio, na medida em que a demiss\u00e3o em massa de professores que \u201cpermanecerem\u201d no plano antigo ser\u00e1 certamente utilizada pelo Sinpes como argumento para invalidar a armadilha patronal, \u00e9 certo que os que optarem pelo novo plano ser\u00e3o fustigados por demiss\u00f5es na mesma medida em que os que permanecerem no plano anterior.<\/p>\n<p>Fatos esclarecidos em audi\u00eancia realizada no dia 02 de julho de 2019 nos autos 0001828-16.2017.5.09.0016, em que o Sinpes pretende a extens\u00e3o para todos os professores das gratifica\u00e7\u00f5es recebidas por Diretores e Coordenadores de Curso e Decanos na propor\u00e7\u00e3o da responsabilidade de cada um dos beneficiados para salvaguarda da condi\u00e7\u00e3o de entidade filantr\u00f3pica da PUCPR, trazem\u00a0 resposta para tanta obsess\u00e3o por concentra\u00e7\u00e3o de renda.<\/p>\n<p>A professora Eliane Cristine Francisco, ouvida a convite da PUCPR na audi\u00eancia referida deixou claro que o expressivo valor pago anualmente para os integrantes da c\u00fapula da Universidade a t\u00edtulo de \u201cremunera\u00e7\u00e3o vari\u00e1vel\u201d depende do atingimento de \u201cmetas financeiras e\/ou qualitativas\u201d, entendidas como \u201ca sustentabilidade financeira da escola\u201d \u00a0e voltadas para \u201cmanter o equil\u00edbrio financeiro entre a receita da escola e as despesas com o pagamento dos professores&#8230;\u201d<\/p>\n<p>Legalizar redu\u00e7\u00f5es de jornadas mediante a execr\u00e1vel rescis\u00e3o parcial, endurecer os crit\u00e9rios de progress\u00e3o funcional e at\u00e9 mesmo elimin\u00e1-la sempre que em risco a subjetiva \u201csustentabilidade econ\u00f4mico financeira\u201d da PUCPR, suprimir quinqu\u00eanios e tri\u00eanios, entre outros retrocessos, s\u00e3o diferentes faces de uma mesma moeda: atingir \u201cmetas financeiras\u201d draconianas e com isso permitir que os integrantes da alta c\u00fapula refestelem-se com polpudas gratifica\u00e7\u00f5es anuais em detrimento do respeito e da dignidade dos professores e da excel\u00eancia do ensino.<\/p>\n<p>&nbsp;<\/p>\n<p>&nbsp;<\/p>\n<!-- AddThis Advanced Settings generic via filter on the_content --><!-- AddThis Share Buttons generic via filter on the_content -->","protected":false},"excerpt":{"rendered":"<p>Parece que n\u00e3o! Em 11 de julho de 2019 o Sinpes protocolou novo convite para que o Professor Vidal Martins ou pessoa de sua confian\u00e7a escolhessem data e hor\u00e1ria na segunda semana do m\u00eas de agosto para debater com o Presidente do Sinpes os pr\u00f3s e contras do novo Plano de Cargos e Sal\u00e1rios da [&hellip;]<!-- AddThis Advanced Settings generic via filter on wp_trim_excerpt --><!-- AddThis Share Buttons generic via filter on wp_trim_excerpt --><\/p>\n","protected":false},"author":3,"featured_media":0,"comment_status":"closed","ping_status":"open","sticky":false,"template":"","format":"standard","meta":{"footnotes":""},"categories":[7,18,2],"tags":[102,374,22,61,62],"class_list":["post-2698","post","type-post","status-publish","format-standard","hentry","category-arquivo-de-noticias","category-destaque","category-puc","tag-debate","tag-plano-de-cargos-e-salarios","tag-professores","tag-puc","tag-sinpes"],"_links":{"self":[{"href":"https:\/\/sinpes.org.br\/site\/wp-json\/wp\/v2\/posts\/2698","targetHints":{"allow":["GET"]}}],"collection":[{"href":"https:\/\/sinpes.org.br\/site\/wp-json\/wp\/v2\/posts"}],"about":[{"href":"https:\/\/sinpes.org.br\/site\/wp-json\/wp\/v2\/types\/post"}],"author":[{"embeddable":true,"href":"https:\/\/sinpes.org.br\/site\/wp-json\/wp\/v2\/users\/3"}],"replies":[{"embeddable":true,"href":"https:\/\/sinpes.org.br\/site\/wp-json\/wp\/v2\/comments?post=2698"}],"version-history":[{"count":2,"href":"https:\/\/sinpes.org.br\/site\/wp-json\/wp\/v2\/posts\/2698\/revisions"}],"predecessor-version":[{"id":2701,"href":"https:\/\/sinpes.org.br\/site\/wp-json\/wp\/v2\/posts\/2698\/revisions\/2701"}],"wp:attachment":[{"href":"https:\/\/sinpes.org.br\/site\/wp-json\/wp\/v2\/media?parent=2698"}],"wp:term":[{"taxonomy":"category","embeddable":true,"href":"https:\/\/sinpes.org.br\/site\/wp-json\/wp\/v2\/categories?post=2698"},{"taxonomy":"post_tag","embeddable":true,"href":"https:\/\/sinpes.org.br\/site\/wp-json\/wp\/v2\/tags?post=2698"}],"curies":[{"name":"wp","href":"https:\/\/api.w.org\/{rel}","templated":true}]}}